{"id":13310,"date":"2017-01-23T19:46:40","date_gmt":"2017-01-23T22:46:40","guid":{"rendered":"https:\/\/eldiariodesanpedro.com.ar\/sitio\/?p=13310"},"modified":"2017-01-23T19:46:40","modified_gmt":"2017-01-23T22:46:40","slug":"difunden-una-escucha-en-la-que-cristina-kirchner-afirmo-a-quien-le-armamos-carpetazos-nosotros","status":"publish","type":"post","link":"https:\/\/eldiariodesanpedro.com.ar\/sitio\/difunden-una-escucha-en-la-que-cristina-kirchner-afirmo-a-quien-le-armamos-carpetazos-nosotros\/","title":{"rendered":"Difunden una escucha en la que Cristina Kirchner afirm\u00f3 \u00ab\u00bfA qui\u00e9n le armamos carpetazos nosotros?\u00bb"},"content":{"rendered":"<p><!-- VideographyWP Plugin Message: Automatic video embedding prevented by plugin options. --><br \/>\n(NA) &#8211; Una escucha telef\u00f3nica judicial en la que la ex presidenta Cristina Kirchner pregunta en un di\u00e1logo con el ex director de la Agencia Federal de Inteligencia (AFI) \u00ab\u00bfa qui\u00e9n le armamos carpetazos nosotros?\u00bb, aunque en el mismo di\u00e1logo se rectific\u00f3, fue difundida ayer por radio La Red.<\/p>\n<p>   La escucha judicial forma parte de una denuncia realizada por el fiscal federal Guillermo Marijuan contra la ex presidenta Cristina Kirchner por presunto abuso de autoridad. <\/p>\n<p>   \u00abEmpez\u00e1 a buscar todas las causas que le armamos (a Antonio Stiuso). No que le armamos, que le denunciamos\u00bb, se\u00f1al\u00f3 en un tramo de la conversaci\u00f3n Cristina Kirchner y luego pregunt\u00f3 \u00ab\u00bfa qui\u00e9n le armamos carpetazos nosotros?\u00bb a lo que Parrilli responde \u00aba nadie\u00bb.<\/p>\n<p>   Se trata de una conversaci\u00f3n telef\u00f3nica que habr\u00eda sido grabada el 11 de julio de 2016.<\/p>\n<p>   Los di\u00e1logos a los que se refiri\u00f3 Marijuan en su denuncia contra la ex mandataria surgieron de la causa a cargo del juez Ariel Lijo en la que Parrilli est\u00e1 siendo investigado por el supuesto encubrimiento de Ibar P\u00e9rez Corradi, que se mantuvo pr\u00f3fugo durante cuatro a\u00f1os, y a quien luego se le dict\u00f3 falta de m\u00e9rito en la cuasa por el triple crimen de General Rodr\u00edguez.<\/p>\n<p>   \u00abPor eso te estoy llamando porque este tipo hay que matarlo. Es un caradura\u00bb, se\u00f1al\u00f3 la ex presidenta, al referirse a una entrevista que Stiuso ofreci\u00f3 en aquel momento al diario La Naci\u00f3n.<\/p>\n<p>   La ex mandataria, adem\u00e1s, le advirti\u00f3 a Parrilli que deber\u00edan convocar a los ex jefes de la SIDE Franciso Paco Larcher y H\u00e9ctor Icazuriaga , para que declarar sobre los dichos del ex esp\u00eda. <\/p>\n<p>   \u00abHay que ponerlo frente a Paco y frente a Icazuriaga\u00bb, afirm\u00f3 Cristina Kirchner.<\/p>\n<p>    Parrilli, a su vez, indic\u00f3: \u00ab\u00bfTe parece a vos? No s\u00e9 si es conveniente que los pongamos a estos\u00bb.<\/p>\n<p>   \u00ab\u00bfCon respecto a esto? C\u00f3mo que no \u00bfA qui\u00e9n le armamos carpetazos nosotros?\u00bb, dijo Cristina Kirchner, a lo que luego, el exdirector de la AFI respondi\u00f3: \u00abA nadie. Si las armaba, las armaba \u00e9l\u00bb.<\/p>\n<p> <strong>  A continuaci\u00f3n, la transcripci\u00f3n de la conversaci\u00f3n telef\u00f3nica:<\/strong><\/p>\n<p><em>Oscar Parrilli: Hola <\/p>\n<p>Cristina Kirchner: Hola, Oscar.<\/p>\n<p>OP: \u00bfQui\u00e9n habla?<\/p>\n<p>CK: \u00a1Yo, Cristina! \u00a1Pelotudo!<\/p>\n<p>OP: Ah (se r\u00ede), porque me hab\u00eda llamado un periodista reci\u00e9n.<\/p>\n<p>CK: \u00bfPor lo de Stiuso? \u00bfPor lo de Stiuso?<\/p>\n<p>OP: S\u00ed, estoy en Neuqu\u00e9n. Estuve buscando LA NACION el reportaje que hizo.<\/p>\n<p>CK: Por eso te estoy llamando, porque a este tipo hay que matarlo, pero. Es un caradura.<\/p>\n<p>OP: S\u00ed, no lo le\u00ed todo, escuch\u00e9 algunas cosas. Me dicen que est\u00e1 como apichonado, que no te conoce a vos ni lo conoci\u00f3 a N\u00e9stor.<\/p>\n<p>CK: \u00bfC\u00f3mo no lo conoci\u00f3 a N\u00e9stor? A N\u00e9stor lo conoci\u00f3, seguro. No s\u00e9<\/p>\n<p>OP: Bueno, dice que no. Ahora estoy ac\u00e1 en Neuqu\u00e9n, estoy esperando que llegue el diario para comprarlo, para leerlo todo.<\/p>\n<p>CK: \u00a1Pero entr\u00e1 por Internet, Oscar!<\/p>\n<p>OP: Ah, bueno, pero estoy en el auto, por eso. Lo busco ahora, lo voy a ver.<\/p>\n<p>CK: \u00bfD\u00f3nde est\u00e1s Oscar, ahora?<\/p>\n<p>OP: En Neuqu\u00e9n estoy.<\/p>\n<p>CK: Ya s\u00e9, pero \u00bfd\u00f3nde est\u00e1s f\u00edsicamente?<\/p>\n<p>OP: En la casa de mi hijo.<\/p>\n<p>CK: Bueno, que s\u00e9 yo, andate a tu casa y ponete a laburar.<\/p>\n<p>OP: S\u00ed, lo leo todo y pensaba en salir porque me llamaron a ver qu\u00e9 hacer.<\/p>\n<p>CK: Yo quiero leerlo, ya ped\u00ed que me lo manden urgente, no puedo entrar en La Naci\u00f3n. Te lo le\u00e9s y esper\u00e1s a que hable con vos para ver.<\/p>\n<p>OP: Listo, listo, hablamos y despu\u00e9s lo vemos.<\/p>\n<p>CK: Adem\u00e1s, empez\u00e1 a buscar todas las causas que le armamos. No que le armamos, que le denunciamos.<\/p>\n<p>OP: Que le denunciamos. Ocho causas tiene de denuncias, las tengo todas.<\/p>\n<p>CK: Describilas todas, y ponete qu\u00e9 juez tiene cada causa.<\/p>\n<p>OP: Bueno. S\u00ed.<\/p>\n<p>CK: La verdad es que es incre\u00edble que no se haya hecho absolutamente nada.<\/p>\n<p>OP: S\u00ed, s\u00ed, no se avanz\u00f3 en absolutamente nada, en ninguna.<\/p>\n<p>CK: \u00bfC\u00f3mo que los Kirchner ten\u00edan servicios paralelos? \u00bfY \u00e9l nunca lo denunci\u00f3 eso? No, no, no. Primero que es mentira.<\/p>\n<p>OP: Es mentira. S\u00ed, los manejaba \u00e9l los servicios.<\/p>\n<p>CK: \u00a1Por favor! Por qu\u00e9 no le preguntan a qui\u00e9nes escriben los titulares de. \u00bfSab\u00e9s qu\u00e9? Hay que ponerlo frente a Paco (Larcher) y frente (H\u00e9ctor) Icazuriaga. Eran los dos responsables, hay que traerlos ac\u00e1 a Icazuriaga y Larcher.<\/p>\n<p>OP: \u00bfA declarar, te parece a vos? Yo no s\u00e9 si es conveniente que los pongamos a estos.<\/p>\n<p>CK: \u00bfCon respecto a \u00e9sto? \u00bfC\u00f3mo que no? \u00bfA qui\u00e9n le armamos carpetazos nosotros?<\/p>\n<p>OP: A nadie. Si las armaba, las armaba \u00e9l. \u00c9l era responsable de esas carpetas.<\/p>\n<p>CK: Est\u00e1s lento de reacciones, me parece Oscar. Andate a tu casa a leer art\u00edculo por art\u00edculo.<\/p>\n<p>OP: Bueno, ahora lo leo, lo miro bien y hablamos. Chau.<\/p>\n<p>CK: Chau.<\/em><\/p>\n","protected":false},"excerpt":{"rendered":"<p>(NA) &#8211; Una escucha telef\u00f3nica judicial en la que la ex presidenta Cristina Kirchner pregunta en un di\u00e1logo con el ex director de la Agencia Federal de Inteligencia (AFI) \u00ab\u00bfa qui\u00e9n le armamos carpetazos nosotros?\u00bb, aunque en el mismo di\u00e1logo se rectific\u00f3, fue difundida ayer por radio La Red. La escucha judicial forma parte de [&hellip;]<\/p>\n","protected":false},"author":4,"featured_media":13311,"comment_status":"open","ping_status":"closed","sticky":false,"template":"","format":"standard","meta":{"om_disable_all_campaigns":false,"_jetpack_memberships_contains_paid_content":false,"footnotes":""},"categories":[3],"tags":[],"class_list":["post-13310","post","type-post","status-publish","format-standard","has-post-thumbnail","hentry","category-nacionales"],"aioseo_notices":[],"gutentor_comment":0,"jetpack_featured_media_url":"https:\/\/eldiariodesanpedro.com.ar\/sitio\/wp-content\/uploads\/2017\/01\/Cristina-1.jpg","jetpack_shortlink":"https:\/\/wp.me\/p6RhLt-3sG","jetpack_sharing_enabled":true,"_links":{"self":[{"href":"https:\/\/eldiariodesanpedro.com.ar\/sitio\/wp-json\/wp\/v2\/posts\/13310","targetHints":{"allow":["GET"]}}],"collection":[{"href":"https:\/\/eldiariodesanpedro.com.ar\/sitio\/wp-json\/wp\/v2\/posts"}],"about":[{"href":"https:\/\/eldiariodesanpedro.com.ar\/sitio\/wp-json\/wp\/v2\/types\/post"}],"author":[{"embeddable":true,"href":"https:\/\/eldiariodesanpedro.com.ar\/sitio\/wp-json\/wp\/v2\/users\/4"}],"replies":[{"embeddable":true,"href":"https:\/\/eldiariodesanpedro.com.ar\/sitio\/wp-json\/wp\/v2\/comments?post=13310"}],"version-history":[{"count":1,"href":"https:\/\/eldiariodesanpedro.com.ar\/sitio\/wp-json\/wp\/v2\/posts\/13310\/revisions"}],"predecessor-version":[{"id":13312,"href":"https:\/\/eldiariodesanpedro.com.ar\/sitio\/wp-json\/wp\/v2\/posts\/13310\/revisions\/13312"}],"wp:featuredmedia":[{"embeddable":true,"href":"https:\/\/eldiariodesanpedro.com.ar\/sitio\/wp-json\/wp\/v2\/media\/13311"}],"wp:attachment":[{"href":"https:\/\/eldiariodesanpedro.com.ar\/sitio\/wp-json\/wp\/v2\/media?parent=13310"}],"wp:term":[{"taxonomy":"category","embeddable":true,"href":"https:\/\/eldiariodesanpedro.com.ar\/sitio\/wp-json\/wp\/v2\/categories?post=13310"},{"taxonomy":"post_tag","embeddable":true,"href":"https:\/\/eldiariodesanpedro.com.ar\/sitio\/wp-json\/wp\/v2\/tags?post=13310"}],"curies":[{"name":"wp","href":"https:\/\/api.w.org\/{rel}","templated":true}]}}