{"id":13307,"date":"2017-01-23T19:52:08","date_gmt":"2017-01-23T22:52:08","guid":{"rendered":"https:\/\/eldiariodesanpedro.com.ar\/sitio\/?p=13307"},"modified":"2017-01-23T19:54:07","modified_gmt":"2017-01-23T22:54:07","slug":"un-hombre-desaparecido-en-frente-al-barco-ara-irigoyen","status":"publish","type":"post","link":"https:\/\/eldiariodesanpedro.com.ar\/sitio\/un-hombre-desaparecido-en-frente-al-barco-ara-irigoyen\/","title":{"rendered":"Un hombre desaparecido en frente al barco Ara Irigoyen"},"content":{"rendered":"<p><!-- VideographyWP Plugin Message: Automatic video embedding prevented by plugin options. --><br \/>\nEn donde se encuentra el barco ARA Comandante General Irigoyen  en horas de la tarde alrededor de las 19 horas se estar\u00eda buscando un hombre mayor de alrededor de 53 a\u00f1os de edad quien habr\u00eda desaparecido al tirarse al agua para tratar de rescatar su Kayak el cual se encontraba atado,  hasta el momento no se pudo localizar el paradero de esta persona pero si el Kayak que se lo localizo en cercan\u00edas del club N\u00e1utico. Hasta el Momento no apareci\u00f3. <\/p>\n","protected":false},"excerpt":{"rendered":"<p>En donde se encuentra el barco ARA Comandante General Irigoyen en horas de la tarde alrededor de las 19 horas se estar\u00eda buscando un hombre mayor de alrededor de 53 a\u00f1os de edad quien habr\u00eda desaparecido al tirarse al agua para tratar de rescatar su Kayak el cual se encontraba atado, hasta el momento no [&hellip;]<\/p>\n","protected":false},"author":4,"featured_media":13319,"comment_status":"open","ping_status":"closed","sticky":false,"template":"","format":"standard","meta":{"om_disable_all_campaigns":false,"_jetpack_memberships_contains_paid_content":false,"footnotes":""},"categories":[50,2,103],"tags":[],"class_list":["post-13307","post","type-post","status-publish","format-standard","has-post-thumbnail","hentry","category-destacadas","category-locales","category-policiales-locales"],"aioseo_notices":[],"gutentor_comment":0,"jetpack_featured_media_url":"https:\/\/eldiariodesanpedro.com.ar\/sitio\/wp-content\/uploads\/2017\/01\/IMG-20170123-WA0007.jpeg","jetpack_shortlink":"https:\/\/wp.me\/p6RhLt-3sD","jetpack_sharing_enabled":true,"_links":{"self":[{"href":"https:\/\/eldiariodesanpedro.com.ar\/sitio\/wp-json\/wp\/v2\/posts\/13307","targetHints":{"allow":["GET"]}}],"collection":[{"href":"https:\/\/eldiariodesanpedro.com.ar\/sitio\/wp-json\/wp\/v2\/posts"}],"about":[{"href":"https:\/\/eldiariodesanpedro.com.ar\/sitio\/wp-json\/wp\/v2\/types\/post"}],"author":[{"embeddable":true,"href":"https:\/\/eldiariodesanpedro.com.ar\/sitio\/wp-json\/wp\/v2\/users\/4"}],"replies":[{"embeddable":true,"href":"https:\/\/eldiariodesanpedro.com.ar\/sitio\/wp-json\/wp\/v2\/comments?post=13307"}],"version-history":[{"count":4,"href":"https:\/\/eldiariodesanpedro.com.ar\/sitio\/wp-json\/wp\/v2\/posts\/13307\/revisions"}],"predecessor-version":[{"id":13325,"href":"https:\/\/eldiariodesanpedro.com.ar\/sitio\/wp-json\/wp\/v2\/posts\/13307\/revisions\/13325"}],"wp:featuredmedia":[{"embeddable":true,"href":"https:\/\/eldiariodesanpedro.com.ar\/sitio\/wp-json\/wp\/v2\/media\/13319"}],"wp:attachment":[{"href":"https:\/\/eldiariodesanpedro.com.ar\/sitio\/wp-json\/wp\/v2\/media?parent=13307"}],"wp:term":[{"taxonomy":"category","embeddable":true,"href":"https:\/\/eldiariodesanpedro.com.ar\/sitio\/wp-json\/wp\/v2\/categories?post=13307"},{"taxonomy":"post_tag","embeddable":true,"href":"https:\/\/eldiariodesanpedro.com.ar\/sitio\/wp-json\/wp\/v2\/tags?post=13307"}],"curies":[{"name":"wp","href":"https:\/\/api.w.org\/{rel}","templated":true}]}}