{"id":133028,"date":"2024-09-16T08:53:37","date_gmt":"2024-09-16T11:53:37","guid":{"rendered":"https:\/\/eldiariodesanpedro.com.ar\/sitio\/?p=133028"},"modified":"2024-09-16T08:53:42","modified_gmt":"2024-09-16T11:53:42","slug":"dos-roedores-de-la-edad-ensenadense","status":"publish","type":"post","link":"https:\/\/eldiariodesanpedro.com.ar\/sitio\/dos-roedores-de-la-edad-ensenadense\/","title":{"rendered":"Dos Roedores de la Edad Ensenadense"},"content":{"rendered":"<!-- VideographyWP Plugin Message: Automatic video embedding prevented by plugin options. -->\n\n<p>F\u00f3siles de dos roedores que habitaban la zona hace m\u00e1s de medio mill\u00f3n de a\u00f1os, fueron recuperados por el&nbsp;<strong>Grupo Conservacionista de F\u00f3siles<\/strong>.<\/p>\n\n\n\n<p>El hallazgo de los materiales se produjo en el campo propiedad de la firma arenera Sp\u00f3sito S.A., en Bajo del Tala, partido de San Pedro; un sector muy reconocido por su riqueza fosil\u00edfera, donde el equipo del Museo Paleontol\u00f3gico \u00abFray Manuel de Torres\u00bb trabaja desde hace 23 a\u00f1os.<\/p>\n\n\n\n<p>Las piezas fueron recuperadas en un sector de barrancas altas donde se puede acceder a capas sedimentarias cuya antig\u00fcedad supera los 500.000 a\u00f1os.<\/p>\n\n\n\n<p>All\u00ed, integrantes del museo encontraron una rama mandibular derecha de una&nbsp;<strong>vizcacha f\u00f3sil&nbsp;<\/strong>del g\u00e9nero&nbsp;<em><strong>Lagostomus<\/strong><\/em>&nbsp;y otra de un&nbsp;<strong>tucu-tuco<\/strong>&nbsp;del g\u00e9nero&nbsp;<em><strong>Ctenomys<\/strong><\/em>.<\/p>\n\n\n\n<p>Ambas piezas conservan su dentici\u00f3n&nbsp;intacta lo que permiti\u00f3 una r\u00e1pida&nbsp;identificaci\u00f3n de ambos animales. El estado de fosilizaci\u00f3n es muy bueno, siendo un detalle que agrega valor a los ejemplares ante futuros estudios.&nbsp;<\/p>\n\n\n\n<p>Ambos roedores viven en la actualidad pero por diferentes motivos (clim\u00e1ticos, etc.) sus \u00e1reas de desarrollo se han modificado, por eso es interesante encontrarlos asociados en estado f\u00f3sil, ya que contribuye a comprender la composici\u00f3n de la fauna regional en el pasado.<\/p>\n","protected":false},"excerpt":{"rendered":"<p>F\u00f3siles de dos roedores que habitaban la zona hace m\u00e1s de medio mill\u00f3n de a\u00f1os, fueron recuperados por el&nbsp;Grupo Conservacionista de F\u00f3siles. El hallazgo de los materiales se produjo en el campo propiedad de la firma arenera Sp\u00f3sito S.A., en Bajo del Tala, partido de San Pedro; un sector muy reconocido por su riqueza fosil\u00edfera, [&hellip;]<\/p>\n","protected":false},"author":4,"featured_media":133030,"comment_status":"closed","ping_status":"closed","sticky":false,"template":"","format":"standard","meta":{"om_disable_all_campaigns":false,"_jetpack_memberships_contains_paid_content":false,"footnotes":""},"categories":[101,2],"tags":[],"class_list":["post-133028","post","type-post","status-publish","format-standard","has-post-thumbnail","hentry","category-interes-general-locales","category-locales"],"aioseo_notices":[],"gutentor_comment":0,"jetpack_featured_media_url":"https:\/\/eldiariodesanpedro.com.ar\/sitio\/wp-content\/uploads\/2024\/09\/DOS-ROEDORES-DE-LA-EDAD-ENSENADENSE.jpg","jetpack_shortlink":"https:\/\/wp.me\/p6RhLt-yBC","jetpack_sharing_enabled":true,"_links":{"self":[{"href":"https:\/\/eldiariodesanpedro.com.ar\/sitio\/wp-json\/wp\/v2\/posts\/133028","targetHints":{"allow":["GET"]}}],"collection":[{"href":"https:\/\/eldiariodesanpedro.com.ar\/sitio\/wp-json\/wp\/v2\/posts"}],"about":[{"href":"https:\/\/eldiariodesanpedro.com.ar\/sitio\/wp-json\/wp\/v2\/types\/post"}],"author":[{"embeddable":true,"href":"https:\/\/eldiariodesanpedro.com.ar\/sitio\/wp-json\/wp\/v2\/users\/4"}],"replies":[{"embeddable":true,"href":"https:\/\/eldiariodesanpedro.com.ar\/sitio\/wp-json\/wp\/v2\/comments?post=133028"}],"version-history":[{"count":1,"href":"https:\/\/eldiariodesanpedro.com.ar\/sitio\/wp-json\/wp\/v2\/posts\/133028\/revisions"}],"predecessor-version":[{"id":133031,"href":"https:\/\/eldiariodesanpedro.com.ar\/sitio\/wp-json\/wp\/v2\/posts\/133028\/revisions\/133031"}],"wp:featuredmedia":[{"embeddable":true,"href":"https:\/\/eldiariodesanpedro.com.ar\/sitio\/wp-json\/wp\/v2\/media\/133030"}],"wp:attachment":[{"href":"https:\/\/eldiariodesanpedro.com.ar\/sitio\/wp-json\/wp\/v2\/media?parent=133028"}],"wp:term":[{"taxonomy":"category","embeddable":true,"href":"https:\/\/eldiariodesanpedro.com.ar\/sitio\/wp-json\/wp\/v2\/categories?post=133028"},{"taxonomy":"post_tag","embeddable":true,"href":"https:\/\/eldiariodesanpedro.com.ar\/sitio\/wp-json\/wp\/v2\/tags?post=133028"}],"curies":[{"name":"wp","href":"https:\/\/api.w.org\/{rel}","templated":true}]}}