{"id":133020,"date":"2024-09-14T14:45:32","date_gmt":"2024-09-14T17:45:32","guid":{"rendered":"https:\/\/eldiariodesanpedro.com.ar\/sitio\/?p=133020"},"modified":"2026-01-24T00:49:40","modified_gmt":"2026-01-24T03:49:40","slug":"fallecimiento-de-maria-ester-heras-a-los-80-anos","status":"publish","type":"post","link":"https:\/\/eldiariodesanpedro.com.ar\/sitio\/fallecimiento-de-maria-ester-heras-a-los-80-anos\/","title":{"rendered":"Fallecimiento de Mar\u00eda Ester Heras a los 80 a\u00f1os"},"content":{"rendered":"<!-- VideographyWP Plugin Message: Automatic video embedding prevented by plugin options. -->\n\n<p><strong>San Pedro<\/strong> \u2013 Con profundo pesar se informa el fallecimiento de <strong>Mar\u00eda Ester Heras<\/strong>, a los <strong>80 a\u00f1os de edad<\/strong>. Sus restos ser\u00e1n velados en la <strong>Sala N\u00b0 2<\/strong> de la funeraria ubicada en <strong>3 de Febrero 1485, San Pedro<\/strong>. El servicio funerario se llevar\u00e1 a cabo el <strong>s\u00e1bado 14 de septiembre de 2024<\/strong>, en un horario a\u00fan por confirmar. Los servicios est\u00e1n a cargo de <strong>COOPSER Servicios Sociales<\/strong>.<\/p>\n","protected":false},"excerpt":{"rendered":"<p>San Pedro \u2013 Con profundo pesar se informa el fallecimiento de Mar\u00eda Ester Heras, a los 80 a\u00f1os de edad. Sus restos ser\u00e1n velados en la Sala N\u00b0 2 de la funeraria ubicada en 3 de Febrero 1485, San Pedro. El servicio funerario se llevar\u00e1 a cabo el s\u00e1bado 14 de septiembre de 2024, en [&hellip;]<\/p>\n","protected":false},"author":4,"featured_media":113757,"comment_status":"closed","ping_status":"closed","sticky":false,"template":"","format":"standard","meta":{"om_disable_all_campaigns":false,"_jetpack_memberships_contains_paid_content":false,"footnotes":""},"categories":[8424],"tags":[],"class_list":["post-133020","post","type-post","status-publish","format-standard","has-post-thumbnail","hentry","category-necrologicas"],"aioseo_notices":[],"gutentor_comment":0,"jetpack_featured_media_url":"https:\/\/eldiariodesanpedro.com.ar\/sitio\/wp-content\/uploads\/2023\/01\/necrologicas.jpg","jetpack_shortlink":"https:\/\/wp.me\/p6RhLt-yBu","jetpack_sharing_enabled":true,"_links":{"self":[{"href":"https:\/\/eldiariodesanpedro.com.ar\/sitio\/wp-json\/wp\/v2\/posts\/133020","targetHints":{"allow":["GET"]}}],"collection":[{"href":"https:\/\/eldiariodesanpedro.com.ar\/sitio\/wp-json\/wp\/v2\/posts"}],"about":[{"href":"https:\/\/eldiariodesanpedro.com.ar\/sitio\/wp-json\/wp\/v2\/types\/post"}],"author":[{"embeddable":true,"href":"https:\/\/eldiariodesanpedro.com.ar\/sitio\/wp-json\/wp\/v2\/users\/4"}],"replies":[{"embeddable":true,"href":"https:\/\/eldiariodesanpedro.com.ar\/sitio\/wp-json\/wp\/v2\/comments?post=133020"}],"version-history":[{"count":1,"href":"https:\/\/eldiariodesanpedro.com.ar\/sitio\/wp-json\/wp\/v2\/posts\/133020\/revisions"}],"predecessor-version":[{"id":133021,"href":"https:\/\/eldiariodesanpedro.com.ar\/sitio\/wp-json\/wp\/v2\/posts\/133020\/revisions\/133021"}],"wp:featuredmedia":[{"embeddable":true,"href":"https:\/\/eldiariodesanpedro.com.ar\/sitio\/wp-json\/wp\/v2\/media\/113757"}],"wp:attachment":[{"href":"https:\/\/eldiariodesanpedro.com.ar\/sitio\/wp-json\/wp\/v2\/media?parent=133020"}],"wp:term":[{"taxonomy":"category","embeddable":true,"href":"https:\/\/eldiariodesanpedro.com.ar\/sitio\/wp-json\/wp\/v2\/categories?post=133020"},{"taxonomy":"post_tag","embeddable":true,"href":"https:\/\/eldiariodesanpedro.com.ar\/sitio\/wp-json\/wp\/v2\/tags?post=133020"}],"curies":[{"name":"wp","href":"https:\/\/api.w.org\/{rel}","templated":true}]}}