{"id":13299,"date":"2017-01-23T19:37:56","date_gmt":"2017-01-23T22:37:56","guid":{"rendered":"https:\/\/eldiariodesanpedro.com.ar\/sitio\/?p=13299"},"modified":"2026-01-23T23:20:57","modified_gmt":"2026-01-24T02:20:57","slug":"se-modifico-el-esquema-de-feriados-y-se-eliminaron-los-puente","status":"publish","type":"post","link":"https:\/\/eldiariodesanpedro.com.ar\/sitio\/se-modifico-el-esquema-de-feriados-y-se-eliminaron-los-puente\/","title":{"rendered":"Se modific\u00f3 el esquema de feriados y se eliminaron los \u00abpuente\u00bb"},"content":{"rendered":"<p><!-- VideographyWP Plugin Message: Automatic video embedding prevented by plugin options. --><br \/>\n(NA) &#8211; El Gobierno nacional modific\u00f3 por decreto el r\u00e9gimen de feriados, por lo que durante 2017 habr\u00e1 16 d\u00edas no laborables, luego de que eliminaran los denominados \u00abtur\u00edsticos\u00bb que estuvieron vigentes hasta el a\u00f1o pasado.<\/p>\n<p>   La medida se adopt\u00f3 a trav\u00e9s de un decreto de necesidad y urgencia publicado ayer en el Bolet\u00edn Oficial, luego de que un proyecto de ley en ese sentido no fuera tratado por el Congreso durante los per\u00edodos ordinario y extraordinario de sesiones.<\/p>\n<p>   As\u00ed, a partir de ahora, \u00ablos feriados nacionales cuyas fechas coincidan con los d\u00edas martes y mi\u00e9rcoles ser\u00e1n trasladados al d\u00eda lunes anterior\u00bb y \u00ablos que coincidan con los d\u00edas jueves y viernes ser\u00e1n trasladados al d\u00eda lunes siguiente\u00bb.<\/p>\n<p>   Se except\u00faan de ese r\u00e9gimen, por lo que quedan fijos \u00ablos feriados nacionales correspondientes al 1\u00b0 de Enero, Lunes y Martes de Carnaval, Viernes Santo, 1\u00b0 de Mayo, 25 de Mayo, 9 de Julio, 8 de Diciembre y 25 de Diciembre\u00bb.<\/p>\n<p>   En la norma se aclar\u00f3 que \u00ablos d\u00edas lunes que resulten feriados por aplicaci\u00f3n del art\u00edculo precedente, gozar\u00e1n en el aspecto remunerativo de los mismos derechos que establece la legislaci\u00f3n actual respecto de los feriados nacionales\u00bb.<\/p>\n<p>   De esta forma, dejan de tener vigencia los feriados tur\u00edsticos fijados por decreto en 2010, cuando se dispuso que \u00ablos feriados del 17 de Agosto, 12 de Octubre y 20 de Noviembre se cumplan siempre en d\u00edas lunes, independientemente del d\u00eda en el que efectivamente tengan lugar\u00bb y se sumaran dos feriados feriados con fines tur\u00edsticos por a\u00f1o, \u00aben coincidencia con los d\u00edas lunes anteriores o viernes posteriores a un feriado nacional con fecha en un d\u00eda martes o jueves, respectivamente\u00bb.<\/p>\n<p>   Para la gesti\u00f3n del presidente Mauricio Macri, seg\u00fan consta en la norma, el establecimiento de dos feriados con fines tur\u00edsticos por a\u00f1o \u00abtuvo en miras disminuir los efectos negativos de la estacionalidad del sector tur\u00edstico y contribuir al desarrollo de las econom\u00edas regionales, pero gener\u00f3 dificultades para el cumplimiento de los d\u00edas dispuestos para el Ciclo Lectivo y afect\u00f3 la competitividad del sector productivo\u00bb.<\/p>\n<p>   \u00abResulta necesario reformular el actual r\u00e9gimen, eliminando los feriados con fines tur\u00edsticos y trasladando todos los feriados nacionales cuyas fechas coincidan con los d\u00edas martes y mi\u00e9rcoles al d\u00eda lunes anterior, y los que coincidan con d\u00edas jueves y viernes al d\u00eda lunes siguiente, exceptuando necesariamente algunos feriados que por su significado hist\u00f3rico, o por tratarse de fechas religiosas o internacionalmente reconocidas, resulta inconveniente trasladar\u00bb, se indic\u00f3.<\/p>\n<p>   Para el Gobierno, \u00abal trasladarse una mayor cantidad de feriados nacionales\u00bb se genera \u00abun balance entre el desarrollo de la actividad tur\u00edstica y el fomento de otras actividades productivas, encontrando un punto medio que beneficia a todos los sectores\u00bb.<\/p>\n<p>   Para el Gobierno, con el r\u00e9gimen modificado, \u00abse garantizan las condiciones para cumplir con la meta\u00bb de ciento ochenta d\u00edas de clase.<\/p>\n<p>   La norma dada a conocer, un decreto de necesidad y urgencia, lleva la firma del presidente Mauricio Macri, del jefe de Gabinete, Marcos Pe\u00f1a, y de todos los ministros.<\/p>\n<p><strong> El esquema de feriados queda del siguientes modo:<\/strong><\/p>\n<p><strong> 27 y 28 de febrero:<\/strong> lunes y martes de Carnaval (inamovible)<\/p>\n<p> <strong>24 de marzo:<\/strong> viernes, D\u00eda Nacional de la Memoria por la Verdad y la Justicia (se pasa al lunes 27)<\/p>\n<p><strong> 2 de abril:<\/strong> domingo, D\u00eda del Veterano y de los Ca\u00eddos en la Guerra de Malvinas<\/p>\n<p> <strong>13 de abril:<\/strong> Jueves Santo (d\u00eda no laborable)<\/p>\n<p> <strong>14 de abril:<\/strong> Viernes Santo (inamovible)<\/p>\n<p> <strong>1\u00b0 de mayo:<\/strong> lunes, D\u00eda del Trabajador (inamovible)<\/p>\n<p> <strong>25 de mayo: <\/strong>jueves, D\u00eda de la Revoluci\u00f3n de Mayo (inamovible)<\/p>\n<p> <strong>17 de junio:<\/strong> s\u00e1bado, Paso a la Inmortalidad del Gral. M. Mart\u00edn de G\u00fcemes<\/p>\n<p> <strong>20 de junio:<\/strong> martes, Paso a la Inmortalidad del Gral. Manuel Belgrano (se pasa al lunes 19)<\/p>\n<p> <strong>9 de julio:<\/strong> domingo, D\u00eda de la Independencia (inamovible)<\/p>\n<p> <strong>17 de agosto:<\/strong> jueves, Paso a la Inmortalidad del Gral. Jos\u00e9 de San Mart\u00edn (se pasa al lunes 21)<\/p>\n<p><strong> 12 de octubre:<\/strong> jueves, D\u00eda del Respeto a la Diversidad Cultural (se pasa al lunes 16)<\/p>\n<p> <strong>20 de noviembre:<\/strong> lunes, D\u00eda de la Soberan\u00eda Nacional<\/p>\n<p> <strong>8 de diciembre:<\/strong> viernes, D\u00eda de la Inmaculada Concepci\u00f3n de Mar\u00eda (inamovible)<\/p>\n<p><strong> 25 de diciembre:<\/strong> lunes, Navidad<\/p>\n","protected":false},"excerpt":{"rendered":"<p>(NA) &#8211; El Gobierno nacional modific\u00f3 por decreto el r\u00e9gimen de feriados, por lo que durante 2017 habr\u00e1 16 d\u00edas no laborables, luego de que eliminaran los denominados \u00abtur\u00edsticos\u00bb que estuvieron vigentes hasta el a\u00f1o pasado. La medida se adopt\u00f3 a trav\u00e9s de un decreto de necesidad y urgencia publicado ayer en el Bolet\u00edn Oficial, [&hellip;]<\/p>\n","protected":false},"author":4,"featured_media":13300,"comment_status":"open","ping_status":"closed","sticky":false,"template":"","format":"standard","meta":{"om_disable_all_campaigns":false,"_jetpack_memberships_contains_paid_content":false,"footnotes":""},"categories":[3],"tags":[],"class_list":["post-13299","post","type-post","status-publish","format-standard","has-post-thumbnail","hentry","category-nacionales"],"aioseo_notices":[],"gutentor_comment":0,"jetpack_featured_media_url":"https:\/\/eldiariodesanpedro.com.ar\/sitio\/wp-content\/uploads\/2017\/01\/Feriados.jpg","jetpack_shortlink":"https:\/\/wp.me\/p6RhLt-3sv","jetpack_sharing_enabled":true,"_links":{"self":[{"href":"https:\/\/eldiariodesanpedro.com.ar\/sitio\/wp-json\/wp\/v2\/posts\/13299","targetHints":{"allow":["GET"]}}],"collection":[{"href":"https:\/\/eldiariodesanpedro.com.ar\/sitio\/wp-json\/wp\/v2\/posts"}],"about":[{"href":"https:\/\/eldiariodesanpedro.com.ar\/sitio\/wp-json\/wp\/v2\/types\/post"}],"author":[{"embeddable":true,"href":"https:\/\/eldiariodesanpedro.com.ar\/sitio\/wp-json\/wp\/v2\/users\/4"}],"replies":[{"embeddable":true,"href":"https:\/\/eldiariodesanpedro.com.ar\/sitio\/wp-json\/wp\/v2\/comments?post=13299"}],"version-history":[{"count":1,"href":"https:\/\/eldiariodesanpedro.com.ar\/sitio\/wp-json\/wp\/v2\/posts\/13299\/revisions"}],"predecessor-version":[{"id":13301,"href":"https:\/\/eldiariodesanpedro.com.ar\/sitio\/wp-json\/wp\/v2\/posts\/13299\/revisions\/13301"}],"wp:featuredmedia":[{"embeddable":true,"href":"https:\/\/eldiariodesanpedro.com.ar\/sitio\/wp-json\/wp\/v2\/media\/13300"}],"wp:attachment":[{"href":"https:\/\/eldiariodesanpedro.com.ar\/sitio\/wp-json\/wp\/v2\/media?parent=13299"}],"wp:term":[{"taxonomy":"category","embeddable":true,"href":"https:\/\/eldiariodesanpedro.com.ar\/sitio\/wp-json\/wp\/v2\/categories?post=13299"},{"taxonomy":"post_tag","embeddable":true,"href":"https:\/\/eldiariodesanpedro.com.ar\/sitio\/wp-json\/wp\/v2\/tags?post=13299"}],"curies":[{"name":"wp","href":"https:\/\/api.w.org\/{rel}","templated":true}]}}