{"id":13297,"date":"2017-01-23T18:04:20","date_gmt":"2017-01-23T21:04:20","guid":{"rendered":"https:\/\/eldiariodesanpedro.com.ar\/sitio\/?p=13297"},"modified":"2017-01-23T18:04:20","modified_gmt":"2017-01-23T21:04:20","slug":"corte-programado-para-el-martes-24-de-enero","status":"publish","type":"post","link":"https:\/\/eldiariodesanpedro.com.ar\/sitio\/corte-programado-para-el-martes-24-de-enero\/","title":{"rendered":"Corte programado para el martes 24 de enero"},"content":{"rendered":"<p><!-- VideographyWP Plugin Message: Automatic video embedding prevented by plugin options. --><br \/>\nCoopser informa que ma\u00f1ana martes 24 de enero se efectuar\u00e1 un corte de suministro el\u00e9ctrico, por tareas de mantenimiento desde las 7 hasta las 9.30 con el siguiente diagrama:.<\/p>\n<p>Zona comprendida por: Cte de Obligado, F. Quiroga, Las Provincias, Ayacucho, Cruz Roja, Alvear y Calle 35.<br \/>\n*Barrio Las Canaletas.<br \/>\n*Barrio 2 de Abril.<br \/>\n*Barrio Escuela 11.<br \/>\n*Barrio 1 de Mayo.<br \/>\n*Barrio America<\/p>\n<p>Como siempre en caso de mal tiempo ser\u00e1 reprogramado. Se agradece difusi\u00f3n.<br \/>\nSede Central Bm\u00e9 Mitre 1200 &#8211; Tel: 03329-431300 &#8211; Email: coopsersanpedro@gmail.com &#8211; http:\/\/www.coopser.com.ar\/<\/p>\n","protected":false},"excerpt":{"rendered":"<p>Coopser informa que ma\u00f1ana martes 24 de enero se efectuar\u00e1 un corte de suministro el\u00e9ctrico, por tareas de mantenimiento desde las 7 hasta las 9.30 con el siguiente diagrama:. Zona comprendida por: Cte de Obligado, F. Quiroga, Las Provincias, Ayacucho, Cruz Roja, Alvear y Calle 35. *Barrio Las Canaletas. *Barrio 2 de Abril. *Barrio Escuela [&hellip;]<\/p>\n","protected":false},"author":4,"featured_media":2489,"comment_status":"open","ping_status":"closed","sticky":false,"template":"","format":"standard","meta":{"om_disable_all_campaigns":false,"_jetpack_memberships_contains_paid_content":false,"footnotes":""},"categories":[101,2],"tags":[],"class_list":["post-13297","post","type-post","status-publish","format-standard","has-post-thumbnail","hentry","category-interes-general-locales","category-locales"],"aioseo_notices":[],"gutentor_comment":0,"jetpack_featured_media_url":"https:\/\/eldiariodesanpedro.com.ar\/sitio\/wp-content\/uploads\/2016\/03\/COOPSER.jpg","jetpack_shortlink":"https:\/\/wp.me\/p6RhLt-3st","jetpack_sharing_enabled":true,"_links":{"self":[{"href":"https:\/\/eldiariodesanpedro.com.ar\/sitio\/wp-json\/wp\/v2\/posts\/13297","targetHints":{"allow":["GET"]}}],"collection":[{"href":"https:\/\/eldiariodesanpedro.com.ar\/sitio\/wp-json\/wp\/v2\/posts"}],"about":[{"href":"https:\/\/eldiariodesanpedro.com.ar\/sitio\/wp-json\/wp\/v2\/types\/post"}],"author":[{"embeddable":true,"href":"https:\/\/eldiariodesanpedro.com.ar\/sitio\/wp-json\/wp\/v2\/users\/4"}],"replies":[{"embeddable":true,"href":"https:\/\/eldiariodesanpedro.com.ar\/sitio\/wp-json\/wp\/v2\/comments?post=13297"}],"version-history":[{"count":1,"href":"https:\/\/eldiariodesanpedro.com.ar\/sitio\/wp-json\/wp\/v2\/posts\/13297\/revisions"}],"predecessor-version":[{"id":13298,"href":"https:\/\/eldiariodesanpedro.com.ar\/sitio\/wp-json\/wp\/v2\/posts\/13297\/revisions\/13298"}],"wp:featuredmedia":[{"embeddable":true,"href":"https:\/\/eldiariodesanpedro.com.ar\/sitio\/wp-json\/wp\/v2\/media\/2489"}],"wp:attachment":[{"href":"https:\/\/eldiariodesanpedro.com.ar\/sitio\/wp-json\/wp\/v2\/media?parent=13297"}],"wp:term":[{"taxonomy":"category","embeddable":true,"href":"https:\/\/eldiariodesanpedro.com.ar\/sitio\/wp-json\/wp\/v2\/categories?post=13297"},{"taxonomy":"post_tag","embeddable":true,"href":"https:\/\/eldiariodesanpedro.com.ar\/sitio\/wp-json\/wp\/v2\/tags?post=13297"}],"curies":[{"name":"wp","href":"https:\/\/api.w.org\/{rel}","templated":true}]}}