{"id":13293,"date":"2017-01-22T20:34:47","date_gmt":"2017-01-22T23:34:47","guid":{"rendered":"https:\/\/eldiariodesanpedro.com.ar\/sitio\/?p=13293"},"modified":"2026-01-24T00:31:12","modified_gmt":"2026-01-24T03:31:12","slug":"fechas-que-marcaron-la-historia-aniversarios-del-primer-mes-del-ano","status":"publish","type":"post","link":"https:\/\/eldiariodesanpedro.com.ar\/sitio\/fechas-que-marcaron-la-historia-aniversarios-del-primer-mes-del-ano\/","title":{"rendered":"FECHAS QUE MARCARON LA HISTORIA: Aniversarios del primer mes del a\u00f1o"},"content":{"rendered":"<p><!-- VideographyWP Plugin Message: Automatic video embedding prevented by plugin options. --><br \/>\n<strong>Los siguientes son fechas para recordar en el deporte sampedrino:<\/strong><\/p>\n<p><strong> 7 de 2005<\/strong>, Falleci\u00f3 uno de los jugadores de f\u00fatbol reconocidos en nuestro medio, dirigente y colaborador de Paran\u00e1 FC, Carlos Alberto Tobar.<\/p>\n<p><strong>10 de 2007<\/strong>, Carlos Abel Villa, fue ciclista, amante del automovilismo en la \u00e9poca de la cupecitas, concejal, hombre entusiasta de su pueblo, R\u00edo Tala.<\/p>\n<p><strong>18 de 1908<\/strong>, se funda Paran\u00e1 F\u00fatbol Club.<\/p>\n<p><strong>22 de 1984<\/strong>, Lorenzo Garc\u00eda combate por el titulo mundial medio mediano liviano en Atlantic City, EEUU, ante Jonny Bhumpus, cayendo por puntos tras 15 rounds.<\/p>\n<p><strong>23 de 1952<\/strong>, nace casi en el casco c\u00e9ntrico de la ciudad el Club Atl\u00e9tico El Tanque, con una rica historia sobre sus 57 a\u00f1os dedicados al f\u00fatbol Infantil,  es uno de los clubes m\u00e1s viejos de la liga y de sus canteras salieron excelentes valores para el f\u00fatbol local. Su camiseta la uso tambi\u00e9n en sus comienzos el Baraderense Miguel Mori, quien con el paso de los a\u00f1os fue campe\u00f3n mundial con Racing.<\/p>\n<p><strong>24 de 1959<\/strong>, se hizo una dur\u00edsima competencia de ciclismo, la doble San Pedro, con etapa en Buenos Aires, de la misma hubo tres sampedrinos que participaron, ellos fueron H\u00e9ctor \u201ctito\u201d Iparraguirre, Roberto \u201ccacho\u201d Garay y E. Ferreira. Fue ganador Alberto Trillo.<\/p>\n<p><strong>25 de 2004<\/strong>, Paco Espa\u00f1ol gana el campeonato Argentino de Rural Bike en la localidad de Bragado.<\/p>\n<p><strong>27 de 1973<\/strong>, el seleccionado de la Liga Deportiva Sampedrina, se consagra campe\u00f3n del torneo Hermanos Brown, R\u00edo Paran\u00e1 que organizaba la Federaci\u00f3n Norte, era el segundo titulo logrado por una selecci\u00f3n local.<br \/>\n<strong><br \/>\n31 de 1998<\/strong>, lamentablemente nos deja un grande del periodismo deportivo local, con su sello propio supo ganarse un buen lugar en la poblaci\u00f3n deportiva, fue dirigente, colaborador y gran tipo, Angel Eirin.<\/p>\n","protected":false},"excerpt":{"rendered":"<p>Los siguientes son fechas para recordar en el deporte sampedrino: 7 de 2005, Falleci\u00f3 uno de los jugadores de f\u00fatbol reconocidos en nuestro medio, dirigente y colaborador de Paran\u00e1 FC, Carlos Alberto Tobar. 10 de 2007, Carlos Abel Villa, fue ciclista, amante del automovilismo en la \u00e9poca de la cupecitas, concejal, hombre entusiasta de su [&hellip;]<\/p>\n","protected":false},"author":4,"featured_media":13294,"comment_status":"open","ping_status":"closed","sticky":false,"template":"","format":"standard","meta":{"om_disable_all_campaigns":false,"_jetpack_memberships_contains_paid_content":false,"footnotes":""},"categories":[5],"tags":[],"class_list":["post-13293","post","type-post","status-publish","format-standard","has-post-thumbnail","hentry","category-deportes"],"aioseo_notices":[],"gutentor_comment":0,"jetpack_featured_media_url":"https:\/\/eldiariodesanpedro.com.ar\/sitio\/wp-content\/uploads\/2017\/01\/Equipo-de-f\u00fatbol-de-Paran\u00e1-FC-en-los-a\u00f1os-\u00b460.jpg","jetpack_shortlink":"https:\/\/wp.me\/p6RhLt-3sp","jetpack_sharing_enabled":true,"_links":{"self":[{"href":"https:\/\/eldiariodesanpedro.com.ar\/sitio\/wp-json\/wp\/v2\/posts\/13293","targetHints":{"allow":["GET"]}}],"collection":[{"href":"https:\/\/eldiariodesanpedro.com.ar\/sitio\/wp-json\/wp\/v2\/posts"}],"about":[{"href":"https:\/\/eldiariodesanpedro.com.ar\/sitio\/wp-json\/wp\/v2\/types\/post"}],"author":[{"embeddable":true,"href":"https:\/\/eldiariodesanpedro.com.ar\/sitio\/wp-json\/wp\/v2\/users\/4"}],"replies":[{"embeddable":true,"href":"https:\/\/eldiariodesanpedro.com.ar\/sitio\/wp-json\/wp\/v2\/comments?post=13293"}],"version-history":[{"count":1,"href":"https:\/\/eldiariodesanpedro.com.ar\/sitio\/wp-json\/wp\/v2\/posts\/13293\/revisions"}],"predecessor-version":[{"id":13295,"href":"https:\/\/eldiariodesanpedro.com.ar\/sitio\/wp-json\/wp\/v2\/posts\/13293\/revisions\/13295"}],"wp:featuredmedia":[{"embeddable":true,"href":"https:\/\/eldiariodesanpedro.com.ar\/sitio\/wp-json\/wp\/v2\/media\/13294"}],"wp:attachment":[{"href":"https:\/\/eldiariodesanpedro.com.ar\/sitio\/wp-json\/wp\/v2\/media?parent=13293"}],"wp:term":[{"taxonomy":"category","embeddable":true,"href":"https:\/\/eldiariodesanpedro.com.ar\/sitio\/wp-json\/wp\/v2\/categories?post=13293"},{"taxonomy":"post_tag","embeddable":true,"href":"https:\/\/eldiariodesanpedro.com.ar\/sitio\/wp-json\/wp\/v2\/tags?post=13293"}],"curies":[{"name":"wp","href":"https:\/\/api.w.org\/{rel}","templated":true}]}}