{"id":13291,"date":"2017-01-22T20:32:39","date_gmt":"2017-01-22T23:32:39","guid":{"rendered":"https:\/\/eldiariodesanpedro.com.ar\/sitio\/?p=13291"},"modified":"2026-01-24T00:31:12","modified_gmt":"2026-01-24T03:31:12","slug":"futbol-de-socios-se-viene-una-nueva-edicion-de-la-copa-amistad","status":"publish","type":"post","link":"https:\/\/eldiariodesanpedro.com.ar\/sitio\/futbol-de-socios-se-viene-una-nueva-edicion-de-la-copa-amistad\/","title":{"rendered":"F\u00daTBOL DE SOCIOS: Se viene una nueva edici\u00f3n de la \u201cCopa Amistad\u201d"},"content":{"rendered":"<p><!-- VideographyWP Plugin Message: Automatic video embedding prevented by plugin options. --><br \/>\nLos campeones del f\u00fatbol interno de los clubes N\u00e1utico y Pescadores (alrededor de 1000 jugadores entre ambos clubes y juegan durante todo el a\u00f1o) jugar\u00e1n la 3ra edici\u00f3n de la \u201cCopa Amistad\u201d, en dos jornadas de tres partidos, jugando los campeones de la s categor\u00edas \u201cA\u201d, \u201cB\u201d y \u201cC\u201d de N\u00e1utico  ante sus similares del club vecino. <\/p>\n<p>En esta ocasi\u00f3n definir\u00e1n los d\u00edas 4 (en Pescadores) y 11 (en N\u00e1utico) los correspondientes a la temporada 2015, las cuales por las inundaciones no se disputaron.<br \/>\n En marzo es probable se disputen las finales de 2016.<\/p>\n","protected":false},"excerpt":{"rendered":"<p>Los campeones del f\u00fatbol interno de los clubes N\u00e1utico y Pescadores (alrededor de 1000 jugadores entre ambos clubes y juegan durante todo el a\u00f1o) jugar\u00e1n la 3ra edici\u00f3n de la \u201cCopa Amistad\u201d, en dos jornadas de tres partidos, jugando los campeones de la s categor\u00edas \u201cA\u201d, \u201cB\u201d y \u201cC\u201d de N\u00e1utico ante sus similares del [&hellip;]<\/p>\n","protected":false},"author":4,"featured_media":11060,"comment_status":"open","ping_status":"closed","sticky":false,"template":"","format":"standard","meta":{"om_disable_all_campaigns":false,"_jetpack_memberships_contains_paid_content":false,"footnotes":""},"categories":[5],"tags":[],"class_list":["post-13291","post","type-post","status-publish","format-standard","has-post-thumbnail","hentry","category-deportes"],"aioseo_notices":[],"gutentor_comment":0,"jetpack_featured_media_url":"https:\/\/eldiariodesanpedro.com.ar\/sitio\/wp-content\/uploads\/2016\/12\/futbol-5.jpg","jetpack_shortlink":"https:\/\/wp.me\/p6RhLt-3sn","jetpack_sharing_enabled":true,"_links":{"self":[{"href":"https:\/\/eldiariodesanpedro.com.ar\/sitio\/wp-json\/wp\/v2\/posts\/13291","targetHints":{"allow":["GET"]}}],"collection":[{"href":"https:\/\/eldiariodesanpedro.com.ar\/sitio\/wp-json\/wp\/v2\/posts"}],"about":[{"href":"https:\/\/eldiariodesanpedro.com.ar\/sitio\/wp-json\/wp\/v2\/types\/post"}],"author":[{"embeddable":true,"href":"https:\/\/eldiariodesanpedro.com.ar\/sitio\/wp-json\/wp\/v2\/users\/4"}],"replies":[{"embeddable":true,"href":"https:\/\/eldiariodesanpedro.com.ar\/sitio\/wp-json\/wp\/v2\/comments?post=13291"}],"version-history":[{"count":1,"href":"https:\/\/eldiariodesanpedro.com.ar\/sitio\/wp-json\/wp\/v2\/posts\/13291\/revisions"}],"predecessor-version":[{"id":13292,"href":"https:\/\/eldiariodesanpedro.com.ar\/sitio\/wp-json\/wp\/v2\/posts\/13291\/revisions\/13292"}],"wp:featuredmedia":[{"embeddable":true,"href":"https:\/\/eldiariodesanpedro.com.ar\/sitio\/wp-json\/wp\/v2\/media\/11060"}],"wp:attachment":[{"href":"https:\/\/eldiariodesanpedro.com.ar\/sitio\/wp-json\/wp\/v2\/media?parent=13291"}],"wp:term":[{"taxonomy":"category","embeddable":true,"href":"https:\/\/eldiariodesanpedro.com.ar\/sitio\/wp-json\/wp\/v2\/categories?post=13291"},{"taxonomy":"post_tag","embeddable":true,"href":"https:\/\/eldiariodesanpedro.com.ar\/sitio\/wp-json\/wp\/v2\/tags?post=13291"}],"curies":[{"name":"wp","href":"https:\/\/api.w.org\/{rel}","templated":true}]}}