{"id":132900,"date":"2024-09-12T09:04:12","date_gmt":"2024-09-12T12:04:12","guid":{"rendered":"https:\/\/eldiariodesanpedro.com.ar\/sitio\/?p=132900"},"modified":"2026-01-24T00:49:41","modified_gmt":"2026-01-24T03:49:41","slug":"fallecimiento-de-celestino-dionisio-gutierrez-a-los-79-anos","status":"publish","type":"post","link":"https:\/\/eldiariodesanpedro.com.ar\/sitio\/fallecimiento-de-celestino-dionisio-gutierrez-a-los-79-anos\/","title":{"rendered":"Fallecimiento de Celestino Dionisio Guti\u00e9rrez a los 79 a\u00f1os"},"content":{"rendered":"<!-- VideographyWP Plugin Message: Automatic video embedding prevented by plugin options. -->\n\n<p>En la localidad de <strong>San Pedro<\/strong>, se comunica el fallecimiento de <strong>Celestino Dionisio Guti\u00e9rrez<\/strong> a la edad de <strong>79 a\u00f1os<\/strong>. El velatorio se est\u00e1 llevando a cabo en la <strong>Sala N\u00b0 3<\/strong>, ubicada en <strong>3 de Febrero 1485<\/strong>, San Pedro, y el servicio se extender\u00e1 hasta las <strong>22:00 horas del mi\u00e9rcoles 11 de septiembre de 2024<\/strong>. El servicio es organizado por <strong>COOPSER Servicios Sociales<\/strong>.<\/p>\n","protected":false},"excerpt":{"rendered":"<p>En la localidad de San Pedro, se comunica el fallecimiento de Celestino Dionisio Guti\u00e9rrez a la edad de 79 a\u00f1os. El velatorio se est\u00e1 llevando a cabo en la Sala N\u00b0 3, ubicada en 3 de Febrero 1485, San Pedro, y el servicio se extender\u00e1 hasta las 22:00 horas del mi\u00e9rcoles 11 de septiembre de [&hellip;]<\/p>\n","protected":false},"author":4,"featured_media":113757,"comment_status":"closed","ping_status":"closed","sticky":false,"template":"","format":"standard","meta":{"om_disable_all_campaigns":false,"_jetpack_memberships_contains_paid_content":false,"footnotes":""},"categories":[8424],"tags":[],"class_list":["post-132900","post","type-post","status-publish","format-standard","has-post-thumbnail","hentry","category-necrologicas"],"aioseo_notices":[],"gutentor_comment":0,"jetpack_featured_media_url":"https:\/\/eldiariodesanpedro.com.ar\/sitio\/wp-content\/uploads\/2023\/01\/necrologicas.jpg","jetpack_shortlink":"https:\/\/wp.me\/p6RhLt-yzy","jetpack_sharing_enabled":true,"_links":{"self":[{"href":"https:\/\/eldiariodesanpedro.com.ar\/sitio\/wp-json\/wp\/v2\/posts\/132900","targetHints":{"allow":["GET"]}}],"collection":[{"href":"https:\/\/eldiariodesanpedro.com.ar\/sitio\/wp-json\/wp\/v2\/posts"}],"about":[{"href":"https:\/\/eldiariodesanpedro.com.ar\/sitio\/wp-json\/wp\/v2\/types\/post"}],"author":[{"embeddable":true,"href":"https:\/\/eldiariodesanpedro.com.ar\/sitio\/wp-json\/wp\/v2\/users\/4"}],"replies":[{"embeddable":true,"href":"https:\/\/eldiariodesanpedro.com.ar\/sitio\/wp-json\/wp\/v2\/comments?post=132900"}],"version-history":[{"count":1,"href":"https:\/\/eldiariodesanpedro.com.ar\/sitio\/wp-json\/wp\/v2\/posts\/132900\/revisions"}],"predecessor-version":[{"id":132901,"href":"https:\/\/eldiariodesanpedro.com.ar\/sitio\/wp-json\/wp\/v2\/posts\/132900\/revisions\/132901"}],"wp:featuredmedia":[{"embeddable":true,"href":"https:\/\/eldiariodesanpedro.com.ar\/sitio\/wp-json\/wp\/v2\/media\/113757"}],"wp:attachment":[{"href":"https:\/\/eldiariodesanpedro.com.ar\/sitio\/wp-json\/wp\/v2\/media?parent=132900"}],"wp:term":[{"taxonomy":"category","embeddable":true,"href":"https:\/\/eldiariodesanpedro.com.ar\/sitio\/wp-json\/wp\/v2\/categories?post=132900"},{"taxonomy":"post_tag","embeddable":true,"href":"https:\/\/eldiariodesanpedro.com.ar\/sitio\/wp-json\/wp\/v2\/tags?post=132900"}],"curies":[{"name":"wp","href":"https:\/\/api.w.org\/{rel}","templated":true}]}}