{"id":132881,"date":"2024-09-11T13:48:16","date_gmt":"2024-09-11T16:48:16","guid":{"rendered":"https:\/\/eldiariodesanpedro.com.ar\/sitio\/?p=132881"},"modified":"2024-09-11T13:48:20","modified_gmt":"2024-09-11T16:48:20","slug":"inicio-de-temporada-de-durazno-de-viveros-el-pampero-srl","status":"publish","type":"post","link":"https:\/\/eldiariodesanpedro.com.ar\/sitio\/inicio-de-temporada-de-durazno-de-viveros-el-pampero-srl\/","title":{"rendered":"Inicio de temporada de durazno de Viveros El Pampero SRL"},"content":{"rendered":"<!-- VideographyWP Plugin Message: Automatic video embedding prevented by plugin options. -->\n\n<p class=\"has-text-align-right\">SAN PEDRO, 11 DE SETIEMBRE DE 2024<\/p>\n\n\n\n<p>Comunicamos a todo nuestro personal de Empaque, Rurales y Recolectores Temporarios, QUE EL D\u00cdA 30 DE OCTUBRE DE 2024 aproximadamente se iniciar\u00e1 la temporada de durazno, debiendo presentarse en el lugar de trabajo en el Camino al Aeroclub, Paraje Villa Jard\u00edn, del Partido de San Pedro (B), en el horario de 07hs, para comenzar con sus tareas en la presente temporada y traer DNI con domicilio actualizado o en su defecto certificado de domicilio sin excepci\u00f3n. Quedan Uds., debidamente notificados, conforme lo establecen los C.C.T. aplicable y Legislaci\u00f3n vigente. &#8211;<\/p>\n\n\n\n<p>Deber\u00e1n expresar fehacientemente su disposici\u00f3n para comenzar sus tareas hasta el d\u00eda 14 de Octubre de 2024 en las oficinas ubicadas en el Camino al Aeroclub, Paraje Villa Jard\u00edn, del Partido de San Pedro (B), en horario de 08hs a 12hs.-<\/p>\n\n\n\n<p>VIVEROS EL PAMPERO S.R.L.<\/p>\n\n\n\n<p>(Publicaci\u00f3n v\u00e1lida por los d\u00edas 11, 12 y 13 de septiembre de 2024)<\/p>\n","protected":false},"excerpt":{"rendered":"<p>SAN PEDRO, 11 DE SETIEMBRE DE 2024 Comunicamos a todo nuestro personal de Empaque, Rurales y Recolectores Temporarios, QUE EL D\u00cdA 30 DE OCTUBRE DE 2024 aproximadamente se iniciar\u00e1 la temporada de durazno, debiendo presentarse en el lugar de trabajo en el Camino al Aeroclub, Paraje Villa Jard\u00edn, del Partido de San Pedro (B), en [&hellip;]<\/p>\n","protected":false},"author":4,"featured_media":132882,"comment_status":"closed","ping_status":"closed","sticky":false,"template":"","format":"standard","meta":{"om_disable_all_campaigns":false,"_jetpack_memberships_contains_paid_content":false,"footnotes":""},"categories":[678,676],"tags":[],"class_list":["post-132881","post","type-post","status-publish","format-standard","has-post-thumbnail","hentry","category-convocatorias","category-edictos"],"aioseo_notices":[],"gutentor_comment":0,"jetpack_featured_media_url":"https:\/\/eldiariodesanpedro.com.ar\/sitio\/wp-content\/uploads\/2024\/09\/El-Pampero-Convocatoria-11-09-2024.jpg","jetpack_shortlink":"https:\/\/wp.me\/p6RhLt-yzf","jetpack_sharing_enabled":true,"_links":{"self":[{"href":"https:\/\/eldiariodesanpedro.com.ar\/sitio\/wp-json\/wp\/v2\/posts\/132881","targetHints":{"allow":["GET"]}}],"collection":[{"href":"https:\/\/eldiariodesanpedro.com.ar\/sitio\/wp-json\/wp\/v2\/posts"}],"about":[{"href":"https:\/\/eldiariodesanpedro.com.ar\/sitio\/wp-json\/wp\/v2\/types\/post"}],"author":[{"embeddable":true,"href":"https:\/\/eldiariodesanpedro.com.ar\/sitio\/wp-json\/wp\/v2\/users\/4"}],"replies":[{"embeddable":true,"href":"https:\/\/eldiariodesanpedro.com.ar\/sitio\/wp-json\/wp\/v2\/comments?post=132881"}],"version-history":[{"count":1,"href":"https:\/\/eldiariodesanpedro.com.ar\/sitio\/wp-json\/wp\/v2\/posts\/132881\/revisions"}],"predecessor-version":[{"id":132883,"href":"https:\/\/eldiariodesanpedro.com.ar\/sitio\/wp-json\/wp\/v2\/posts\/132881\/revisions\/132883"}],"wp:featuredmedia":[{"embeddable":true,"href":"https:\/\/eldiariodesanpedro.com.ar\/sitio\/wp-json\/wp\/v2\/media\/132882"}],"wp:attachment":[{"href":"https:\/\/eldiariodesanpedro.com.ar\/sitio\/wp-json\/wp\/v2\/media?parent=132881"}],"wp:term":[{"taxonomy":"category","embeddable":true,"href":"https:\/\/eldiariodesanpedro.com.ar\/sitio\/wp-json\/wp\/v2\/categories?post=132881"},{"taxonomy":"post_tag","embeddable":true,"href":"https:\/\/eldiariodesanpedro.com.ar\/sitio\/wp-json\/wp\/v2\/tags?post=132881"}],"curies":[{"name":"wp","href":"https:\/\/api.w.org\/{rel}","templated":true}]}}