{"id":13287,"date":"2017-01-22T20:31:43","date_gmt":"2017-01-22T23:31:43","guid":{"rendered":"https:\/\/eldiariodesanpedro.com.ar\/sitio\/?p=13287"},"modified":"2026-01-24T00:31:12","modified_gmt":"2026-01-24T03:31:12","slug":"natacion-nadadores-de-nautico-y-pescadores-viajan-al-nacional-infantiles-y-menores","status":"publish","type":"post","link":"https:\/\/eldiariodesanpedro.com.ar\/sitio\/natacion-nadadores-de-nautico-y-pescadores-viajan-al-nacional-infantiles-y-menores\/","title":{"rendered":"NATACI\u00d3N: Nadadores de N\u00e1utico y Pescadores viajan al Nacional Infantiles y Menores"},"content":{"rendered":"<p><!-- VideographyWP Plugin Message: Automatic video embedding prevented by plugin options. --><br \/>\nEste lunes parten hacia C\u00f3rdoba los nadadores de Pescadores Juli\u00e1n Mariani, Valentina Noto, Abril Guti\u00e9rrez, Lara Vlaeminck, lara Aguilar y Marco Paladini,  todos ellos participaran del campeonato nacional de nataci\u00f3n para las categor\u00edas infantiles y menores.<\/p>\n<p>Ser\u00e1 desde el martes 24 hasta el viernes 27, donde participaran en seis pruebas individuales en busca de mejorar sus tiempos en pileta de 50 mts.<\/p>\n<p>El evento se realiza en el natatorio ol\u00edmpico \u201cGeorgina Bardach\u201d, ubicado en el predio del Estadio \u201cMario Alberto Kempes\u201d.<\/p>\n<p>En la foto, nadadores de N\u00e1utico San Pedro,  N\u00e1utico Ramallo, Belgrano de San Nicol\u00e1s y de Pescadores San Pedro, realizando \u00faltimos trabajos en la pileta de 50 mts de SOMISA, instituci\u00f3n que gentilmente dispone de un espacio para estas instituciones.  El  natatorio fue alquilado por la Federaci\u00f3n Norte para colaborar y apoyar con el entrenamiento de estos j\u00f3venes.<\/p>\n","protected":false},"excerpt":{"rendered":"<p>Este lunes parten hacia C\u00f3rdoba los nadadores de Pescadores Juli\u00e1n Mariani, Valentina Noto, Abril Guti\u00e9rrez, Lara Vlaeminck, lara Aguilar y Marco Paladini, todos ellos participaran del campeonato nacional de nataci\u00f3n para las categor\u00edas infantiles y menores. Ser\u00e1 desde el martes 24 hasta el viernes 27, donde participaran en seis pruebas individuales en busca de mejorar [&hellip;]<\/p>\n","protected":false},"author":4,"featured_media":13288,"comment_status":"open","ping_status":"closed","sticky":false,"template":"","format":"standard","meta":{"om_disable_all_campaigns":false,"_jetpack_memberships_contains_paid_content":false,"footnotes":""},"categories":[5],"tags":[],"class_list":["post-13287","post","type-post","status-publish","format-standard","has-post-thumbnail","hentry","category-deportes"],"aioseo_notices":[],"gutentor_comment":0,"jetpack_featured_media_url":"https:\/\/eldiariodesanpedro.com.ar\/sitio\/wp-content\/uploads\/2017\/01\/En-la-foto-los-nadadores-de-los-cuatro-clubes.jpg","jetpack_shortlink":"https:\/\/wp.me\/p6RhLt-3sj","jetpack_sharing_enabled":true,"_links":{"self":[{"href":"https:\/\/eldiariodesanpedro.com.ar\/sitio\/wp-json\/wp\/v2\/posts\/13287","targetHints":{"allow":["GET"]}}],"collection":[{"href":"https:\/\/eldiariodesanpedro.com.ar\/sitio\/wp-json\/wp\/v2\/posts"}],"about":[{"href":"https:\/\/eldiariodesanpedro.com.ar\/sitio\/wp-json\/wp\/v2\/types\/post"}],"author":[{"embeddable":true,"href":"https:\/\/eldiariodesanpedro.com.ar\/sitio\/wp-json\/wp\/v2\/users\/4"}],"replies":[{"embeddable":true,"href":"https:\/\/eldiariodesanpedro.com.ar\/sitio\/wp-json\/wp\/v2\/comments?post=13287"}],"version-history":[{"count":2,"href":"https:\/\/eldiariodesanpedro.com.ar\/sitio\/wp-json\/wp\/v2\/posts\/13287\/revisions"}],"predecessor-version":[{"id":13290,"href":"https:\/\/eldiariodesanpedro.com.ar\/sitio\/wp-json\/wp\/v2\/posts\/13287\/revisions\/13290"}],"wp:featuredmedia":[{"embeddable":true,"href":"https:\/\/eldiariodesanpedro.com.ar\/sitio\/wp-json\/wp\/v2\/media\/13288"}],"wp:attachment":[{"href":"https:\/\/eldiariodesanpedro.com.ar\/sitio\/wp-json\/wp\/v2\/media?parent=13287"}],"wp:term":[{"taxonomy":"category","embeddable":true,"href":"https:\/\/eldiariodesanpedro.com.ar\/sitio\/wp-json\/wp\/v2\/categories?post=13287"},{"taxonomy":"post_tag","embeddable":true,"href":"https:\/\/eldiariodesanpedro.com.ar\/sitio\/wp-json\/wp\/v2\/tags?post=13287"}],"curies":[{"name":"wp","href":"https:\/\/api.w.org\/{rel}","templated":true}]}}