{"id":13284,"date":"2017-01-22T20:30:36","date_gmt":"2017-01-22T23:30:36","guid":{"rendered":"https:\/\/eldiariodesanpedro.com.ar\/sitio\/?p=13284"},"modified":"2026-01-24T00:31:12","modified_gmt":"2026-01-24T03:31:12","slug":"futbol-herman-essers-es-nuevo-jugador-de-ferroviario-de-corrientes-jugara-copa-argentina","status":"publish","type":"post","link":"https:\/\/eldiariodesanpedro.com.ar\/sitio\/futbol-herman-essers-es-nuevo-jugador-de-ferroviario-de-corrientes-jugara-copa-argentina\/","title":{"rendered":"F\u00daTBOL: Herman Essers es nuevo jugador de Ferroviario de Corrientes. Jugar\u00e1 Copa Argentina"},"content":{"rendered":"<p><!-- VideographyWP Plugin Message: Automatic video embedding prevented by plugin options. --><br \/>\n\u00abAcabo de arreglar en Ferroviario de Corrientes, equipo que juega el Federal B -a partir de mayo- y ahora jugamos la Copa Argentina contra Mandiy\u00fa. Tambi\u00e9n jugamos la \u00abCopa Correntina\u00bb y \u00abSupercopa de Corrientes\u00bb, todo eso hasta que empiece el Federal, as\u00ed que estoy en Corrientes ya instalado y entrenando, contento, quer\u00eda salir al interior y esta es una linda oportunidad\u00bb expres\u00f3 el delantero sampedrino Herman \u00b4Tanque\u00b4 Essers luego de su \u00faltima temporada en Gral. Lamadrid. <\/p>\n<p>Herman -su hermano Nelson est\u00e1 en Espa\u00f1a- en de una familia de futbolistas, donde se destac\u00f3 su t\u00edo Daniel Gorobsov, quien jug\u00f3 en Racing, Quilmes y F\u00fatbol de Chile, seguido de Nicol\u00e1s-primo- quien debut\u00f3 en el profesionalismo en Italia para luego recorrer varios pa\u00edses.<\/p>\n<p>Essers jug\u00f3 en Paran\u00e1 y El Tanque en f\u00fatbol infantil de nuestra ciudad, pas\u00f3 por River, V\u00e9lez y Ferro en sus divisiones menores, jug\u00f3 en Tablense y Los Andes de nuestra ciudad en primera divisi\u00f3n, luego pas\u00f3 por varios clubes del ascenso, Sportivo italiano, Deportivo Riestra, Yupanqui, Juventud Unida, El Porvenir (ascendi\u00f3 a la \u00abC\u00bb) y Gral. Lamadrid.  <\/p>\n","protected":false},"excerpt":{"rendered":"<p>\u00abAcabo de arreglar en Ferroviario de Corrientes, equipo que juega el Federal B -a partir de mayo- y ahora jugamos la Copa Argentina contra Mandiy\u00fa. Tambi\u00e9n jugamos la \u00abCopa Correntina\u00bb y \u00abSupercopa de Corrientes\u00bb, todo eso hasta que empiece el Federal, as\u00ed que estoy en Corrientes ya instalado y entrenando, contento, quer\u00eda salir al interior [&hellip;]<\/p>\n","protected":false},"author":4,"featured_media":13285,"comment_status":"open","ping_status":"closed","sticky":false,"template":"","format":"standard","meta":{"om_disable_all_campaigns":false,"_jetpack_memberships_contains_paid_content":false,"footnotes":""},"categories":[5],"tags":[],"class_list":["post-13284","post","type-post","status-publish","format-standard","has-post-thumbnail","hentry","category-deportes"],"aioseo_notices":[],"gutentor_comment":0,"jetpack_featured_media_url":"https:\/\/eldiariodesanpedro.com.ar\/sitio\/wp-content\/uploads\/2017\/01\/Herman-con-ropa-de-entrenamiento.-Jugar\u00e1-Copa-Argentina.jpg","jetpack_shortlink":"https:\/\/wp.me\/p6RhLt-3sg","jetpack_sharing_enabled":true,"_links":{"self":[{"href":"https:\/\/eldiariodesanpedro.com.ar\/sitio\/wp-json\/wp\/v2\/posts\/13284","targetHints":{"allow":["GET"]}}],"collection":[{"href":"https:\/\/eldiariodesanpedro.com.ar\/sitio\/wp-json\/wp\/v2\/posts"}],"about":[{"href":"https:\/\/eldiariodesanpedro.com.ar\/sitio\/wp-json\/wp\/v2\/types\/post"}],"author":[{"embeddable":true,"href":"https:\/\/eldiariodesanpedro.com.ar\/sitio\/wp-json\/wp\/v2\/users\/4"}],"replies":[{"embeddable":true,"href":"https:\/\/eldiariodesanpedro.com.ar\/sitio\/wp-json\/wp\/v2\/comments?post=13284"}],"version-history":[{"count":1,"href":"https:\/\/eldiariodesanpedro.com.ar\/sitio\/wp-json\/wp\/v2\/posts\/13284\/revisions"}],"predecessor-version":[{"id":13286,"href":"https:\/\/eldiariodesanpedro.com.ar\/sitio\/wp-json\/wp\/v2\/posts\/13284\/revisions\/13286"}],"wp:featuredmedia":[{"embeddable":true,"href":"https:\/\/eldiariodesanpedro.com.ar\/sitio\/wp-json\/wp\/v2\/media\/13285"}],"wp:attachment":[{"href":"https:\/\/eldiariodesanpedro.com.ar\/sitio\/wp-json\/wp\/v2\/media?parent=13284"}],"wp:term":[{"taxonomy":"category","embeddable":true,"href":"https:\/\/eldiariodesanpedro.com.ar\/sitio\/wp-json\/wp\/v2\/categories?post=13284"},{"taxonomy":"post_tag","embeddable":true,"href":"https:\/\/eldiariodesanpedro.com.ar\/sitio\/wp-json\/wp\/v2\/tags?post=13284"}],"curies":[{"name":"wp","href":"https:\/\/api.w.org\/{rel}","templated":true}]}}