{"id":13278,"date":"2017-01-22T20:26:44","date_gmt":"2017-01-22T23:26:44","guid":{"rendered":"https:\/\/eldiariodesanpedro.com.ar\/sitio\/?p=13278"},"modified":"2017-01-22T20:26:44","modified_gmt":"2017-01-22T23:26:44","slug":"el-procurador-denuncio-que-se-borraron-pruebas-que-vinculan-a-cristina-con-baez","status":"publish","type":"post","link":"https:\/\/eldiariodesanpedro.com.ar\/sitio\/el-procurador-denuncio-que-se-borraron-pruebas-que-vinculan-a-cristina-con-baez\/","title":{"rendered":"El procurador denunci\u00f3 que se borraron pruebas que vinculan a Cristina con B\u00e1ez"},"content":{"rendered":"<p><!-- VideographyWP Plugin Message: Automatic video embedding prevented by plugin options. --><br \/>\n(T\u00e9lam) &#8211; El procurador del Tesoro Nacional, Carlos Balb\u00edn, denunci\u00f3 que fueron borrados 1345 archivos del Sistema \u00danico Inform\u00e1tico para la Gesti\u00f3n Judicial (Sigej), el cual almacena todos los juicios hist\u00f3ricos de los cuales el Estado forma parte, entre ellos varios registros que son prueba del direccionamiento de la ex presidenta Cristina Kirchner a L\u00e1zaro B\u00e1ez en la obra p\u00fablica.<\/p>\n<p>   \u00abSacar un juicio del sistema es una irregularidad grave, porque los juicios s\u00f3lo pueden ser borrados si hubo un error en la carga y, si est\u00e1n terminados, deben pasan al archivo hist\u00f3rico\u00bb, explic\u00f3 Balb\u00edn.<\/p>\n<p>   \u00abEn estos casos hay indicios fuertes de que el borrado era para evadir los controles\u00bb, expres\u00f3 el funcionario de la Procuradur\u00eda al portal Infobae.<\/p>\n<p>   Balb\u00edn cont\u00f3 que decidi\u00f3 auditar el sistema donde son cargados los juicios contra el Estado y que la decisi\u00f3n la tom\u00f3 luego de detectar que varios registros fueron borrados para ocultarlos como pruebas del direccionamiento de la ex presidenta hacia el empresario de la construcci\u00f3n hoy detenido. <\/p>\n<p>   Fueron 1345 los archivos quitados del Sigej, y se detectaron luego de varios meses de auditor\u00edas en las que participaron tambi\u00e9n la Direcci\u00f3n Nacional de Auditoria de la Procuraci\u00f3n y la Procuradur\u00eda de Investigaciones Administrativas, la SIGEN, adem\u00e1s de la Auditor\u00eda General de la Naci\u00f3n (AGN). <\/p>\n<p>   Balb\u00edn denunci\u00f3 estas maniobras en la Justicia Federal y destaca el caso de la causa \u00abNECON S.A. c\/ ESTADO NACIONAL \u2013 DNV- RESOL 777\/01 S\/ PROCESO DE CONOCIMIENTO\u00bb, donde el Estado gir\u00f3 40 millones de pesos a pesar de que la Justicia nunca homolog\u00f3 el acuerdo. <\/p>\n","protected":false},"excerpt":{"rendered":"<p>(T\u00e9lam) &#8211; El procurador del Tesoro Nacional, Carlos Balb\u00edn, denunci\u00f3 que fueron borrados 1345 archivos del Sistema \u00danico Inform\u00e1tico para la Gesti\u00f3n Judicial (Sigej), el cual almacena todos los juicios hist\u00f3ricos de los cuales el Estado forma parte, entre ellos varios registros que son prueba del direccionamiento de la ex presidenta Cristina Kirchner a L\u00e1zaro [&hellip;]<\/p>\n","protected":false},"author":4,"featured_media":13279,"comment_status":"open","ping_status":"closed","sticky":false,"template":"","format":"standard","meta":{"om_disable_all_campaigns":false,"_jetpack_memberships_contains_paid_content":false,"footnotes":""},"categories":[3],"tags":[],"class_list":["post-13278","post","type-post","status-publish","format-standard","has-post-thumbnail","hentry","category-nacionales"],"aioseo_notices":[],"gutentor_comment":0,"jetpack_featured_media_url":"https:\/\/eldiariodesanpedro.com.ar\/sitio\/wp-content\/uploads\/2017\/01\/Denuncia.jpg","jetpack_shortlink":"https:\/\/wp.me\/p6RhLt-3sa","jetpack_sharing_enabled":true,"_links":{"self":[{"href":"https:\/\/eldiariodesanpedro.com.ar\/sitio\/wp-json\/wp\/v2\/posts\/13278","targetHints":{"allow":["GET"]}}],"collection":[{"href":"https:\/\/eldiariodesanpedro.com.ar\/sitio\/wp-json\/wp\/v2\/posts"}],"about":[{"href":"https:\/\/eldiariodesanpedro.com.ar\/sitio\/wp-json\/wp\/v2\/types\/post"}],"author":[{"embeddable":true,"href":"https:\/\/eldiariodesanpedro.com.ar\/sitio\/wp-json\/wp\/v2\/users\/4"}],"replies":[{"embeddable":true,"href":"https:\/\/eldiariodesanpedro.com.ar\/sitio\/wp-json\/wp\/v2\/comments?post=13278"}],"version-history":[{"count":1,"href":"https:\/\/eldiariodesanpedro.com.ar\/sitio\/wp-json\/wp\/v2\/posts\/13278\/revisions"}],"predecessor-version":[{"id":13280,"href":"https:\/\/eldiariodesanpedro.com.ar\/sitio\/wp-json\/wp\/v2\/posts\/13278\/revisions\/13280"}],"wp:featuredmedia":[{"embeddable":true,"href":"https:\/\/eldiariodesanpedro.com.ar\/sitio\/wp-json\/wp\/v2\/media\/13279"}],"wp:attachment":[{"href":"https:\/\/eldiariodesanpedro.com.ar\/sitio\/wp-json\/wp\/v2\/media?parent=13278"}],"wp:term":[{"taxonomy":"category","embeddable":true,"href":"https:\/\/eldiariodesanpedro.com.ar\/sitio\/wp-json\/wp\/v2\/categories?post=13278"},{"taxonomy":"post_tag","embeddable":true,"href":"https:\/\/eldiariodesanpedro.com.ar\/sitio\/wp-json\/wp\/v2\/tags?post=13278"}],"curies":[{"name":"wp","href":"https:\/\/api.w.org\/{rel}","templated":true}]}}