{"id":13262,"date":"2017-01-22T20:18:36","date_gmt":"2017-01-22T23:18:36","guid":{"rendered":"https:\/\/eldiariodesanpedro.com.ar\/sitio\/?p=13262"},"modified":"2017-01-22T20:18:36","modified_gmt":"2017-01-22T23:18:36","slug":"pergamino-tensa-reunion-entre-damnificados-por-las-inundaciones-y-funcionarios","status":"publish","type":"post","link":"https:\/\/eldiariodesanpedro.com.ar\/sitio\/pergamino-tensa-reunion-entre-damnificados-por-las-inundaciones-y-funcionarios\/","title":{"rendered":"PERGAMINO: Tensa reuni\u00f3n entre damnificados por las inundaciones y funcionarios"},"content":{"rendered":"<p><!-- VideographyWP Plugin Message: Automatic video embedding prevented by plugin options. --><br \/>\nCon reclamos en fuertes t\u00e9rminos y momentos de nerviosismo, se desarroll\u00f3 anoche el encuentro de los delegados de los barrios Hern\u00e1ndez, Newbery, Kennedy, Belgrano, 512 Viviendas, 27 de Noviembre, 9 de Julio, G\u00fcemes, Maiztegui y Trocha y los representantes del Ejecutivo: Carlos P\u00e9rez, Juan Manuel Rico Zini, Gabriela Taruselli y Guillermo Illia.<\/p>\n<p>La manifestaci\u00f3n de los autoconvocados empez\u00f3 en Avenida de Mayo y Peatonal con carteles, c\u00e1nticos y bombos y finaliz\u00f3 en el Municipio, con pirotecnia y quema de cubiertas. Se firm\u00f3 un Acta Acuerdo para la entrega de subsidios econ\u00f3micos, previo relevamiento en las viviendas de cada sector, que se inicia hoy.<\/p>\n<p>El Ejecutivo Municipal acord\u00f3 con un grupo de vecinos de los barrios afectados por las inundaciones la entrega de subsidios econ\u00f3micos. El acuerdo, que debi\u00f3 formalizarse a trav\u00e9s de la firma de un Acta a pedido de los damnificados, se concret\u00f3 anoche, en el Despacho Oval del Palacio Municipal, en el marco de una manifestaci\u00f3n de m\u00e1s de trescientas personas.<\/p>\n<p>Durante el encuentro, que tuvo momentos de tensi\u00f3n y nerviosismo y del cual no particip\u00f3 el intendente, Javier Mart\u00ednez, la Municipalidad confirm\u00f3 que otorgar\u00e1 subsidios econ\u00f3micos despu\u00e9s de realizar un relevamiento en las viviendas de las familias que todav\u00eda no fueron censadas. La tarea de visita a los hogares que sufrieron inundaciones durante las \u00faltimas semanas, que estar\u00e1 a cargo de la Secretaria de Acci\u00f3n Social, comenzar\u00e1 a primera hora de hoy. Tambi\u00e9n se acord\u00f3 que las trabajadoras sociales ser\u00e1n acompa\u00f1adas por el delegado de cada barrio. (http:\/\/www.pergaminoverdad.com.ar\/)<\/p>\n","protected":false},"excerpt":{"rendered":"<p>Con reclamos en fuertes t\u00e9rminos y momentos de nerviosismo, se desarroll\u00f3 anoche el encuentro de los delegados de los barrios Hern\u00e1ndez, Newbery, Kennedy, Belgrano, 512 Viviendas, 27 de Noviembre, 9 de Julio, G\u00fcemes, Maiztegui y Trocha y los representantes del Ejecutivo: Carlos P\u00e9rez, Juan Manuel Rico Zini, Gabriela Taruselli y Guillermo Illia. La manifestaci\u00f3n de [&hellip;]<\/p>\n","protected":false},"author":4,"featured_media":13263,"comment_status":"open","ping_status":"closed","sticky":false,"template":"","format":"standard","meta":{"om_disable_all_campaigns":false,"_jetpack_memberships_contains_paid_content":false,"footnotes":""},"categories":[621],"tags":[],"class_list":["post-13262","post","type-post","status-publish","format-standard","has-post-thumbnail","hentry","category-regionales"],"aioseo_notices":[],"gutentor_comment":0,"jetpack_featured_media_url":"https:\/\/eldiariodesanpedro.com.ar\/sitio\/wp-content\/uploads\/2017\/01\/Tensa-reuni\u00f3n-entre-damnificados-por-las-inundaciones-y-funcionarios.jpg","jetpack_shortlink":"https:\/\/wp.me\/p6RhLt-3rU","jetpack_sharing_enabled":true,"_links":{"self":[{"href":"https:\/\/eldiariodesanpedro.com.ar\/sitio\/wp-json\/wp\/v2\/posts\/13262","targetHints":{"allow":["GET"]}}],"collection":[{"href":"https:\/\/eldiariodesanpedro.com.ar\/sitio\/wp-json\/wp\/v2\/posts"}],"about":[{"href":"https:\/\/eldiariodesanpedro.com.ar\/sitio\/wp-json\/wp\/v2\/types\/post"}],"author":[{"embeddable":true,"href":"https:\/\/eldiariodesanpedro.com.ar\/sitio\/wp-json\/wp\/v2\/users\/4"}],"replies":[{"embeddable":true,"href":"https:\/\/eldiariodesanpedro.com.ar\/sitio\/wp-json\/wp\/v2\/comments?post=13262"}],"version-history":[{"count":1,"href":"https:\/\/eldiariodesanpedro.com.ar\/sitio\/wp-json\/wp\/v2\/posts\/13262\/revisions"}],"predecessor-version":[{"id":13264,"href":"https:\/\/eldiariodesanpedro.com.ar\/sitio\/wp-json\/wp\/v2\/posts\/13262\/revisions\/13264"}],"wp:featuredmedia":[{"embeddable":true,"href":"https:\/\/eldiariodesanpedro.com.ar\/sitio\/wp-json\/wp\/v2\/media\/13263"}],"wp:attachment":[{"href":"https:\/\/eldiariodesanpedro.com.ar\/sitio\/wp-json\/wp\/v2\/media?parent=13262"}],"wp:term":[{"taxonomy":"category","embeddable":true,"href":"https:\/\/eldiariodesanpedro.com.ar\/sitio\/wp-json\/wp\/v2\/categories?post=13262"},{"taxonomy":"post_tag","embeddable":true,"href":"https:\/\/eldiariodesanpedro.com.ar\/sitio\/wp-json\/wp\/v2\/tags?post=13262"}],"curies":[{"name":"wp","href":"https:\/\/api.w.org\/{rel}","templated":true}]}}