{"id":13259,"date":"2017-01-22T20:16:00","date_gmt":"2017-01-22T23:16:00","guid":{"rendered":"https:\/\/eldiariodesanpedro.com.ar\/sitio\/?p=13259"},"modified":"2017-01-22T20:16:00","modified_gmt":"2017-01-22T23:16:00","slug":"el-municipio-de-san-nicolas-invertira-30-millones-para-ayudar-a-los-vecinos-afectados-por-la-inundacion","status":"publish","type":"post","link":"https:\/\/eldiariodesanpedro.com.ar\/sitio\/el-municipio-de-san-nicolas-invertira-30-millones-para-ayudar-a-los-vecinos-afectados-por-la-inundacion\/","title":{"rendered":"El municipio de San Nicol\u00e1s invertir\u00e1 30 millones para ayudar a los vecinos afectados por la inundaci\u00f3n"},"content":{"rendered":"<p><!-- VideographyWP Plugin Message: Automatic video embedding prevented by plugin options. --><br \/>\nDentro del paquete de medidas que tom\u00f3 el Municipio frente a la situaci\u00f3n de emergencia que atraviesa la localidad de La Emilia, el intendente Ismael Passaglia dispuso que se inviertan 30 millones de pesos del presupuesto municipal para brindar una ayuda econ\u00f3mica directa a los vecinos que fueron afectados por las lluvias del pasado domingo y el desborde del arroyo del Medio.El dinero se administrar\u00e1 de acuerdo al censo realizado en estos d\u00edas por el Municipio, que desde el domingo se  encuentra trabajando en las zonas afectadas.Asimismo, el Intendente dispuso la eximici\u00f3n de pago de las tasas municipales de ABL y Servicios Sanitarios para los vecinos damnificados, y de Seguridad e Higiene para los comercios. El objetivo es ayudar a la recuperaci\u00f3n de cada familia para que La Emilia vuelva a la tranquilidad.Al respecto, Passaglia asegur\u00f3 que el municipio va a continuar instalado en La Emilia con sus distintas \u00e1reas, para trabajar junto a cada vecino que haya sido perjudicado para que recupere lo perdido y pueda volver a estar seguro en su hogar. Adem\u00e1s, agradeci\u00f3 \u201ca todos los nicole\u00f1os  por la inmensa muestra de solidaridad y el apoyo para la comunidad emiliana\u201d. <\/p>\n<p><em>\u201cSi vuelve a caer agua como ahora, desaparece el pueblo\u201d<\/em><\/p>\n<p>En ese sentido, el delegado de La Emilia, Mario D\u00edaz, quien nos habl\u00f3 sobre la actualidad de la ciudad que fue afectada por las inundaciones.<\/p>\n<p>Sobre la situaci\u00f3n actual sostuvo: \u201cEl agua pr\u00e1cticamente ya se ha ido del pueblo, lo que qued\u00f3 en su mayor\u00eda fue basura. Estamos tratando de normalizar la situaci\u00f3n, pero nos desborda, porque es muy dif\u00edcil llegar a todos los vecinos\u201d\u2026<\/p>\n<p>\u201cAdem\u00e1s estamos intentando reponer lo que se ha roto del terrapl\u00e9n, porque est\u00e1n anunciadas lluvias para los pr\u00f3ximos d\u00edas. Si viene agua como ahora, desaparece el pueblo\u201d. <\/p>\n<p>El terrapl\u00e9n \u201caguant\u00f3 bien, pero el agua pas\u00f3 por encima de \u00e9l, super\u00f3 las medidas establecidas\u201d. \u201cEn un sector si faltan 50 metros del terrapl\u00e9n, que no sabemos si lo rompi\u00f3 directamente o si el agua pas\u00f3 por encima y se lo fue comiendo\u201d. \u201cYo vivo desde el a\u00f1o 70 en La Emilia, he sufrido varias inundaciones, pero ninguna como esta\u201d.<\/p>\n<p>\u201cCon lo que no damos abasto y es lo indispensable, es lavandina, agua mineral; despu\u00e9s de ah\u00ed para arriba, pr\u00e1cticamente todo\u201d agreg\u00f3 y sostuvo: \u201cEl agua ha vuelto, pero no se debe consumir, por lo menos hasta el domingo. Eso es lo que nos pidi\u00f3 obra sanitaria\u201d. \u201cEn cuanto a la energ\u00eda el\u00e9ctrica, algunos sectores volvieron ayer por la tarde y tal vez para hoy podamos tener todo el pueblo con corriente\u201d. (Fuente: Diario El Norte y http:\/\/www.metafm.com.ar)<\/p>\n","protected":false},"excerpt":{"rendered":"<p>Dentro del paquete de medidas que tom\u00f3 el Municipio frente a la situaci\u00f3n de emergencia que atraviesa la localidad de La Emilia, el intendente Ismael Passaglia dispuso que se inviertan 30 millones de pesos del presupuesto municipal para brindar una ayuda econ\u00f3mica directa a los vecinos que fueron afectados por las lluvias del pasado domingo [&hellip;]<\/p>\n","protected":false},"author":4,"featured_media":13260,"comment_status":"open","ping_status":"closed","sticky":false,"template":"","format":"standard","meta":{"om_disable_all_campaigns":false,"_jetpack_memberships_contains_paid_content":false,"footnotes":""},"categories":[621],"tags":[],"class_list":["post-13259","post","type-post","status-publish","format-standard","has-post-thumbnail","hentry","category-regionales"],"aioseo_notices":[],"gutentor_comment":0,"jetpack_featured_media_url":"https:\/\/eldiariodesanpedro.com.ar\/sitio\/wp-content\/uploads\/2017\/01\/De-a-poco-La-Emilia-se-recupera.jpg","jetpack_shortlink":"https:\/\/wp.me\/p6RhLt-3rR","jetpack_sharing_enabled":true,"_links":{"self":[{"href":"https:\/\/eldiariodesanpedro.com.ar\/sitio\/wp-json\/wp\/v2\/posts\/13259","targetHints":{"allow":["GET"]}}],"collection":[{"href":"https:\/\/eldiariodesanpedro.com.ar\/sitio\/wp-json\/wp\/v2\/posts"}],"about":[{"href":"https:\/\/eldiariodesanpedro.com.ar\/sitio\/wp-json\/wp\/v2\/types\/post"}],"author":[{"embeddable":true,"href":"https:\/\/eldiariodesanpedro.com.ar\/sitio\/wp-json\/wp\/v2\/users\/4"}],"replies":[{"embeddable":true,"href":"https:\/\/eldiariodesanpedro.com.ar\/sitio\/wp-json\/wp\/v2\/comments?post=13259"}],"version-history":[{"count":1,"href":"https:\/\/eldiariodesanpedro.com.ar\/sitio\/wp-json\/wp\/v2\/posts\/13259\/revisions"}],"predecessor-version":[{"id":13261,"href":"https:\/\/eldiariodesanpedro.com.ar\/sitio\/wp-json\/wp\/v2\/posts\/13259\/revisions\/13261"}],"wp:featuredmedia":[{"embeddable":true,"href":"https:\/\/eldiariodesanpedro.com.ar\/sitio\/wp-json\/wp\/v2\/media\/13260"}],"wp:attachment":[{"href":"https:\/\/eldiariodesanpedro.com.ar\/sitio\/wp-json\/wp\/v2\/media?parent=13259"}],"wp:term":[{"taxonomy":"category","embeddable":true,"href":"https:\/\/eldiariodesanpedro.com.ar\/sitio\/wp-json\/wp\/v2\/categories?post=13259"},{"taxonomy":"post_tag","embeddable":true,"href":"https:\/\/eldiariodesanpedro.com.ar\/sitio\/wp-json\/wp\/v2\/tags?post=13259"}],"curies":[{"name":"wp","href":"https:\/\/api.w.org\/{rel}","templated":true}]}}