{"id":13256,"date":"2017-01-22T20:14:07","date_gmt":"2017-01-22T23:14:07","guid":{"rendered":"https:\/\/eldiariodesanpedro.com.ar\/sitio\/?p=13256"},"modified":"2017-01-22T20:14:07","modified_gmt":"2017-01-22T23:14:07","slug":"frutos-de-la-tierra-y-el-rio-para-el-turismo","status":"publish","type":"post","link":"https:\/\/eldiariodesanpedro.com.ar\/sitio\/frutos-de-la-tierra-y-el-rio-para-el-turismo\/","title":{"rendered":"\u00abFrutos de la Tierra y el R\u00edo\u00bb para el turismo"},"content":{"rendered":"<p><!-- VideographyWP Plugin Message: Automatic video embedding prevented by plugin options. --><br \/>\nA partir de este fin de semana funcion\u00f3 un espacio destinado a la venta de productos locales en la oficina de Turismo que se inaugur\u00f3 en la Casona de 1830. <\/p>\n<p>Se trata de una propuesta que avanza sobre el eje de la comercializaci\u00f3n de productos locales que tiene Frutos de la Tierra y el R\u00edo, la feria de la agricultura familiar que propone un v\u00ednculo directo con el consumidor.  El espacio complementa la muestra bimestral de la que participan unos 35 productores y que funciona desde 2013 con el acompa\u00f1amiento t\u00e9cnico de la Secretar\u00eda de Agricultura Familiar y el INTA.<\/p>\n<p>\u201cComo resultado de un trabajo que se viene desarrollando con la Secretar\u00eda de Desarrollo Econ\u00f3mico del Municipio, y junto a Marcela Cu\u00f1er de la Direcci\u00f3n de Turismo, se elabor\u00f3 una propuesta para utilizar un espacio en la Casona que posibilite la venta de los productos de la feria\u201d, expresa Laura Hansen, quien particip\u00f3 de la inauguraci\u00f3n el mi\u00e9rcoles 11 de enero en Mitre y Liniers. El punto de venta,  que ser\u00e1 gestionado por el grupo de feriantes, cuenta con la asistencia en aspectos t\u00e9cnicos y organizativos de las instituciones que acompa\u00f1an el procesos desde sus inicios. \u201cAdem\u00e1s esta iniciativa aporta a la estrategia colectiva de comercializaci\u00f3n de la agricultura familiar del Proyecto Profam que lleva el mismo nombre\u201d, agrega Hansen.<\/p>\n<p>El espacio de venta estar\u00e1 abierto los d\u00edas viernes, s\u00e1bados y domingos durante el mes de enero y ser\u00e1 atendido por una de las feriantes quien tambi\u00e9n ser\u00e1 responsable de llevar adelante las rendiciones y gestionar los pedidos, junto a otro grupo que ser\u00e1 el soporte para complementar los d\u00edas de atenci\u00f3n. Para los d\u00edas que no estar\u00e1 abierto al p\u00fablico, la Direcci\u00f3n de Turismo contar\u00e1 con el cat\u00e1logo y con un mapa para su descarga en los tel\u00e9fonos con los datos de los productores, los productos e indicaciones de c\u00f3mo llegar.<\/p>\n<p><strong>En desarrollo<\/strong><br \/>\n\u201cDurante 2016 el grupo de productores y emprendedores vinculados a Frutos se propuso ampliar los espacios de comercializaci\u00f3n de sus productos complementando las 5 ediciones anuales de la Feria y la venta en sus establecimientos\u201d. La primera iniciativa fue con  Agust\u00edn Torres del Vivero El Molino, camino a Vuelta de Obligado. \u201cEn el predio ubicado frente al ex &#8211; almac\u00e9n La Susana y de la Escuela N\u00b0 42 en Paraje Basso, est\u00e1 abierto al p\u00fablico todos los d\u00edas del a\u00f1o y complementa la venta de plantas con otros productos como dulces de Blas\u00f3n, quesos, mermeladas, miel, cactus y suculentas\u201d.<\/p>\n<p>Recientemente, el puesto de la Casona de 1830 busca poner en valor los recursos y promover el reconocimiento de las producciones locales por los turistas que visitan la localidad. En este sentido,  los productos  de \u201cFrutos de la tierra y el r\u00edo\u201d se relacionan a la identidad de nuestro territorio: frutas, plantas, dulces, lana hilada y quesos, entre otros. Desde Frutos, se destaca  la instancia de encuentro directo entre el consumidor y el productor -agricultor familiar y\/o emprendedor vinculado al sector agroalimentario-, sin intermediarios.<\/p>\n","protected":false},"excerpt":{"rendered":"<p>A partir de este fin de semana funcion\u00f3 un espacio destinado a la venta de productos locales en la oficina de Turismo que se inaugur\u00f3 en la Casona de 1830. Se trata de una propuesta que avanza sobre el eje de la comercializaci\u00f3n de productos locales que tiene Frutos de la Tierra y el R\u00edo, [&hellip;]<\/p>\n","protected":false},"author":4,"featured_media":13257,"comment_status":"open","ping_status":"closed","sticky":false,"template":"","format":"standard","meta":{"om_disable_all_campaigns":false,"_jetpack_memberships_contains_paid_content":false,"footnotes":""},"categories":[101,2],"tags":[],"class_list":["post-13256","post","type-post","status-publish","format-standard","has-post-thumbnail","hentry","category-interes-general-locales","category-locales"],"aioseo_notices":[],"gutentor_comment":0,"jetpack_featured_media_url":"https:\/\/eldiariodesanpedro.com.ar\/sitio\/wp-content\/uploads\/2017\/01\/Frutos-de-la-Tierra-y-el-R\u00edo.jpg","jetpack_shortlink":"https:\/\/wp.me\/p6RhLt-3rO","jetpack_sharing_enabled":true,"_links":{"self":[{"href":"https:\/\/eldiariodesanpedro.com.ar\/sitio\/wp-json\/wp\/v2\/posts\/13256","targetHints":{"allow":["GET"]}}],"collection":[{"href":"https:\/\/eldiariodesanpedro.com.ar\/sitio\/wp-json\/wp\/v2\/posts"}],"about":[{"href":"https:\/\/eldiariodesanpedro.com.ar\/sitio\/wp-json\/wp\/v2\/types\/post"}],"author":[{"embeddable":true,"href":"https:\/\/eldiariodesanpedro.com.ar\/sitio\/wp-json\/wp\/v2\/users\/4"}],"replies":[{"embeddable":true,"href":"https:\/\/eldiariodesanpedro.com.ar\/sitio\/wp-json\/wp\/v2\/comments?post=13256"}],"version-history":[{"count":1,"href":"https:\/\/eldiariodesanpedro.com.ar\/sitio\/wp-json\/wp\/v2\/posts\/13256\/revisions"}],"predecessor-version":[{"id":13258,"href":"https:\/\/eldiariodesanpedro.com.ar\/sitio\/wp-json\/wp\/v2\/posts\/13256\/revisions\/13258"}],"wp:featuredmedia":[{"embeddable":true,"href":"https:\/\/eldiariodesanpedro.com.ar\/sitio\/wp-json\/wp\/v2\/media\/13257"}],"wp:attachment":[{"href":"https:\/\/eldiariodesanpedro.com.ar\/sitio\/wp-json\/wp\/v2\/media?parent=13256"}],"wp:term":[{"taxonomy":"category","embeddable":true,"href":"https:\/\/eldiariodesanpedro.com.ar\/sitio\/wp-json\/wp\/v2\/categories?post=13256"},{"taxonomy":"post_tag","embeddable":true,"href":"https:\/\/eldiariodesanpedro.com.ar\/sitio\/wp-json\/wp\/v2\/tags?post=13256"}],"curies":[{"name":"wp","href":"https:\/\/api.w.org\/{rel}","templated":true}]}}