{"id":13253,"date":"2017-01-22T20:08:28","date_gmt":"2017-01-22T23:08:28","guid":{"rendered":"https:\/\/eldiariodesanpedro.com.ar\/sitio\/?p=13253"},"modified":"2017-01-22T20:08:28","modified_gmt":"2017-01-22T23:08:28","slug":"el-jefe-de-bomberos-voluntarios-junto-a-su-familia-y-la-perra-brisa-participo-del-programa-a-todo-nada-de-canal-13","status":"publish","type":"post","link":"https:\/\/eldiariodesanpedro.com.ar\/sitio\/el-jefe-de-bomberos-voluntarios-junto-a-su-familia-y-la-perra-brisa-participo-del-programa-a-todo-nada-de-canal-13\/","title":{"rendered":"El Jefe de Bomberos Voluntarios, junto a su familia y la perra Brisa, particip\u00f3 del programa \u201cA Todo Nada\u00bb de Canal 13"},"content":{"rendered":"<p><!-- VideographyWP Plugin Message: Automatic video embedding prevented by plugin options. --><br \/>\nEl comandante mayor Silvio Torrens, junto a su esposa la suboficial ayudante mayor Gabriela Novella, su familia y la perra Brisa; participaron el viernes del programa \u201cA Todo Nada &#8211; Especial Perros\u201d que se emite por Canal 13 que conduce Guido Kaczka.<\/p>\n<p>\u201cFue una idea de mi hijo cuando apenas salio el programa y hace unos d\u00edas nos llamaron\u201d. \u201cMi hija recibi\u00f3 un mensaje de la producci\u00f3n que hab\u00edan encontrado datos de la perra si est\u00e1bamos interesados en ir\u201d, explic\u00f3 Novella en FM G\u00e9nesis.  <\/p>\n<p>En tanto que asever\u00f3 que se trat\u00f3 de \u201cuna experiencia linda\u201d. \u201cHab\u00eda tantos perros y poco tiempo, no se pudo hacer lo que ellos quer\u00edan que se hablara de perros de bomberos\u201d.  <\/p>\n<p>Cabe recordar que la perra pertenece a la brigada K9 de Bomberos de nuestra ciudad, y que est\u00e1 entrenada en b\u00fasqueda y rescate de personas. Sin embargo en esta oportunidad le toc\u00f3 divertirse un rato.  <\/p>\n","protected":false},"excerpt":{"rendered":"<p>El comandante mayor Silvio Torrens, junto a su esposa la suboficial ayudante mayor Gabriela Novella, su familia y la perra Brisa; participaron el viernes del programa \u201cA Todo Nada &#8211; Especial Perros\u201d que se emite por Canal 13 que conduce Guido Kaczka. \u201cFue una idea de mi hijo cuando apenas salio el programa y hace [&hellip;]<\/p>\n","protected":false},"author":4,"featured_media":13254,"comment_status":"open","ping_status":"closed","sticky":false,"template":"","format":"standard","meta":{"om_disable_all_campaigns":false,"_jetpack_memberships_contains_paid_content":false,"footnotes":""},"categories":[101,2],"tags":[],"class_list":["post-13253","post","type-post","status-publish","format-standard","has-post-thumbnail","hentry","category-interes-general-locales","category-locales"],"aioseo_notices":[],"gutentor_comment":0,"jetpack_featured_media_url":"https:\/\/eldiariodesanpedro.com.ar\/sitio\/wp-content\/uploads\/2017\/01\/La-familia-Torrens-junto-a-Kaczka.jpg","jetpack_shortlink":"https:\/\/wp.me\/p6RhLt-3rL","jetpack_sharing_enabled":true,"_links":{"self":[{"href":"https:\/\/eldiariodesanpedro.com.ar\/sitio\/wp-json\/wp\/v2\/posts\/13253","targetHints":{"allow":["GET"]}}],"collection":[{"href":"https:\/\/eldiariodesanpedro.com.ar\/sitio\/wp-json\/wp\/v2\/posts"}],"about":[{"href":"https:\/\/eldiariodesanpedro.com.ar\/sitio\/wp-json\/wp\/v2\/types\/post"}],"author":[{"embeddable":true,"href":"https:\/\/eldiariodesanpedro.com.ar\/sitio\/wp-json\/wp\/v2\/users\/4"}],"replies":[{"embeddable":true,"href":"https:\/\/eldiariodesanpedro.com.ar\/sitio\/wp-json\/wp\/v2\/comments?post=13253"}],"version-history":[{"count":1,"href":"https:\/\/eldiariodesanpedro.com.ar\/sitio\/wp-json\/wp\/v2\/posts\/13253\/revisions"}],"predecessor-version":[{"id":13255,"href":"https:\/\/eldiariodesanpedro.com.ar\/sitio\/wp-json\/wp\/v2\/posts\/13253\/revisions\/13255"}],"wp:featuredmedia":[{"embeddable":true,"href":"https:\/\/eldiariodesanpedro.com.ar\/sitio\/wp-json\/wp\/v2\/media\/13254"}],"wp:attachment":[{"href":"https:\/\/eldiariodesanpedro.com.ar\/sitio\/wp-json\/wp\/v2\/media?parent=13253"}],"wp:term":[{"taxonomy":"category","embeddable":true,"href":"https:\/\/eldiariodesanpedro.com.ar\/sitio\/wp-json\/wp\/v2\/categories?post=13253"},{"taxonomy":"post_tag","embeddable":true,"href":"https:\/\/eldiariodesanpedro.com.ar\/sitio\/wp-json\/wp\/v2\/tags?post=13253"}],"curies":[{"name":"wp","href":"https:\/\/api.w.org\/{rel}","templated":true}]}}