{"id":13250,"date":"2017-01-22T20:07:00","date_gmt":"2017-01-22T23:07:00","guid":{"rendered":"https:\/\/eldiariodesanpedro.com.ar\/sitio\/?p=13250"},"modified":"2017-01-22T20:07:00","modified_gmt":"2017-01-22T23:07:00","slug":"la-gestion-de-este-gobierno-local-no-gestiono-nada-no-hizo-nada-para-san-pedro","status":"publish","type":"post","link":"https:\/\/eldiariodesanpedro.com.ar\/sitio\/la-gestion-de-este-gobierno-local-no-gestiono-nada-no-hizo-nada-para-san-pedro\/","title":{"rendered":"\u201cLa gesti\u00f3n de este gobierno local no gestion\u00f3 nada, no hizo nada para San Pedro\u201d"},"content":{"rendered":"<p><!-- VideographyWP Plugin Message: Automatic video embedding prevented by plugin options. --><br \/>\nEl dirigente Antonio \u201cTony\u201d Correa, del movimiento MILES (Movimiento de Integraci\u00f3n Latinoamericana de Expresi\u00f3n Social), que lidera a nivel nacional Luis D\u2019El\u00eda, en un di\u00e1logo con El Diario de San Pedro critic\u00f3 duramente al gobierno de Cambiemos y la gesti\u00f3n de nuestra localidad particularmente.<\/p>\n<p>\u00abNosotros venimos trabajando hace m\u00e1s de 15 a\u00f1os, ayudando a la gente desde un principio con nuestra organizaci\u00f3n, que era la Federaci\u00f3n de Tierras y Viviendas (FTV) y de ah\u00ed le dimos nacimiento al partido MILES, que hace 3 a\u00f1os venimos fortaleciendo con afiliaciones, con trabajo territorial y siempre estando al pie de la gente, como nos caracteriza a nosotros. No hemos cambiado nada, sino simplemente que tambi\u00e9n nos queremos involucrar pol\u00edticamente para ver si realmente podemos pelear, no solo de afuera sino desde adentro con alguna banca municipal, provincial y nacional, para de una vez por todas darles el rev\u00e9s a los politicos que en realidad son fabricados. A nosotros no nos fabrica nadie, simplemente la calle y el conocimiento de lo que la gente necesita\u00bb, coment\u00f3 el dirigente pol\u00edtico.<\/p>\n<p>Adem\u00e1s Tony continu\u00f3 con la entrevista cont\u00e1ndonos sobre la ayuda a los inundados: \u00abNosotros todo lo que hacemos lo planificamos, nosotros tenemos la informaci\u00f3n del barrio que est\u00e1 muy afectado y complicado, por suerte San Pedro est\u00e1 en una zona alta y es muy dif\u00edcil que se inunde. Se inunda un rato, pero a las dos horas ya se fue, o sea que no tenemos la problem\u00e1tica que tienen en otras ciudades que est\u00e1n metidas en un pozo. Ac\u00e1 tenemos barrios en un pozo que fueron mal proyectados. Pero en realidad ese no es el verdadero problema, porque el agua se va y la gente que no tiene laburo necesita ayuda despu\u00e9s que el agua se va, nosotros lo que hacemos es durante el a\u00f1o visitar 2 o 3 veces a las familias y ver en qu\u00e9 estado se encuentran y desde ah\u00ed nosotros volcamos nuestra ayuda\u00bb.<\/p>\n<p>Sobre la gesti\u00f3n local Correa opin\u00f3: \u00abNo le hemos llevado proyectos y tampoco le llevar\u00edamos porque por ejemplo la Ruta 191 y la 1001 en el a\u00f1o 2015 nosotros hicimos un corte de ruta en R\u00edo Tala, donde volcamos los camiones de arena arriba del puente y en la 191 en la denominada curva de la muerte. Esa gesti\u00f3n de la ruta 191 y 1001 se firma en el 2015 con el ingeniero y en ese momento ministro de Obras P\u00fablicas de la Provincia de Buenos Aires, el fallecido se\u00f1or Alejandro Arl\u00eda, lo que fue firmado pero por nosotros a trav\u00e9s de nosotros de nuestra organizaci\u00f3n social, o sea que la gesti\u00f3n de este gobierno no gestion\u00f3 nada, no hizo nada para San Pedro y, si no tengo mal entendido y si agarro un cent\u00edmetro, vamos a ver que se han robado cent\u00edmetros de carpeta asf\u00e1ltica, y esa carpeta asf\u00e1ltica la han trasladado a sectores donde no la ten\u00edan que haber trasladado, porque ese material tendr\u00eda que haber salido de la plata del municipio, no de la plata de la Provincia que vino para la construcci\u00f3n de una ruta que hoy por hoy ya est\u00e1 rota de vuelta. Entonces si seguimos con las misma artima\u00f1as pol\u00edticas de decir que todo es robar, y todo hacer creer que hacemos m\u00e1s pero en realidad est\u00e1n haciendo menos, porque todo se destruye. Si vos ten\u00e9s que hacer una casa, ten\u00e9s que hacerle la base, ten\u00e9s que hacerle los cimientos, ten\u00e9s que hacerle las vigas para que esa casa el d\u00eda de ma\u00f1ana no se derrumbe. Estos muchachos empiezan al rev\u00e9s: se fijan a ver c\u00f3mo pueden hacer para que se derrumbe primero y no es as\u00ed, ac\u00e1 ten\u00e9s que tener un gobierno que sea visionario y que tenga proyecci\u00f3n sobre la ciudad de ac\u00e1 a 50 a\u00f1os, no se puede proyectar una ciudad a un a\u00f1o y despu\u00e9s de ese tiempo ver c\u00f3mo hacemos para tratar de hacer dos cuadras m\u00e1s adelante\u00bb.<\/p>\n<p>Para terminar, el dirigente de MILES volvi\u00f3 a atacar al intendente Cecilio Salazar: \u00abNosotro decimos San Pedro est\u00e1 sin trabajo, \u00bfpero por qu\u00e9 est\u00e1 sin trabajo? Porque recordemos que Arcor cuando quiso bajar la segunda planta y construir el puerto ac\u00e1 hab\u00eda un consorcio de gesti\u00f3n que en su debido momento no dejo que Arcor hiciera el puerto nuevo, lo que en realidad es una ventana al mundo, y que somos tan incapaces que no tenemos ni la mentalidad para desarrollar el puerto que ahora tenemos. Entonces el consorcio de gesti\u00f3n se opuso al nuevo puerto y entre ellos estaba el se\u00f1or Cecilio Salazar, el Centro de Comercio, el centro de productores y agricultores y todo eso porque dec\u00edan que si hab\u00eda un superdesarrollo industrial en la ciudad no iba a haber trabajo para la zona rural. Por eso uno de los principales representantes del consorcio de gesti\u00f3n del puerto levant\u00f3 la mano en contra: fue el se\u00f1or intendente, por eso tenemos que empezar a tener los sampedrinos un poco de memoria, si tenemos un pueblo que no tiene memoria, tenemos un pueblo que no tiene futuro\u00bb.<\/p>\n","protected":false},"excerpt":{"rendered":"<p>El dirigente Antonio \u201cTony\u201d Correa, del movimiento MILES (Movimiento de Integraci\u00f3n Latinoamericana de Expresi\u00f3n Social), que lidera a nivel nacional Luis D\u2019El\u00eda, en un di\u00e1logo con El Diario de San Pedro critic\u00f3 duramente al gobierno de Cambiemos y la gesti\u00f3n de nuestra localidad particularmente. \u00abNosotros venimos trabajando hace m\u00e1s de 15 a\u00f1os, ayudando a la [&hellip;]<\/p>\n","protected":false},"author":4,"featured_media":13251,"comment_status":"open","ping_status":"closed","sticky":false,"template":"","format":"standard","meta":{"om_disable_all_campaigns":false,"_jetpack_memberships_contains_paid_content":false,"footnotes":""},"categories":[50,2,102],"tags":[],"class_list":["post-13250","post","type-post","status-publish","format-standard","has-post-thumbnail","hentry","category-destacadas","category-locales","category-politica-locales"],"aioseo_notices":[],"gutentor_comment":0,"jetpack_featured_media_url":"https:\/\/eldiariodesanpedro.com.ar\/sitio\/wp-content\/uploads\/2017\/01\/Tony-Correa.jpg","jetpack_shortlink":"https:\/\/wp.me\/p6RhLt-3rI","jetpack_sharing_enabled":true,"_links":{"self":[{"href":"https:\/\/eldiariodesanpedro.com.ar\/sitio\/wp-json\/wp\/v2\/posts\/13250","targetHints":{"allow":["GET"]}}],"collection":[{"href":"https:\/\/eldiariodesanpedro.com.ar\/sitio\/wp-json\/wp\/v2\/posts"}],"about":[{"href":"https:\/\/eldiariodesanpedro.com.ar\/sitio\/wp-json\/wp\/v2\/types\/post"}],"author":[{"embeddable":true,"href":"https:\/\/eldiariodesanpedro.com.ar\/sitio\/wp-json\/wp\/v2\/users\/4"}],"replies":[{"embeddable":true,"href":"https:\/\/eldiariodesanpedro.com.ar\/sitio\/wp-json\/wp\/v2\/comments?post=13250"}],"version-history":[{"count":1,"href":"https:\/\/eldiariodesanpedro.com.ar\/sitio\/wp-json\/wp\/v2\/posts\/13250\/revisions"}],"predecessor-version":[{"id":13252,"href":"https:\/\/eldiariodesanpedro.com.ar\/sitio\/wp-json\/wp\/v2\/posts\/13250\/revisions\/13252"}],"wp:featuredmedia":[{"embeddable":true,"href":"https:\/\/eldiariodesanpedro.com.ar\/sitio\/wp-json\/wp\/v2\/media\/13251"}],"wp:attachment":[{"href":"https:\/\/eldiariodesanpedro.com.ar\/sitio\/wp-json\/wp\/v2\/media?parent=13250"}],"wp:term":[{"taxonomy":"category","embeddable":true,"href":"https:\/\/eldiariodesanpedro.com.ar\/sitio\/wp-json\/wp\/v2\/categories?post=13250"},{"taxonomy":"post_tag","embeddable":true,"href":"https:\/\/eldiariodesanpedro.com.ar\/sitio\/wp-json\/wp\/v2\/tags?post=13250"}],"curies":[{"name":"wp","href":"https:\/\/api.w.org\/{rel}","templated":true}]}}