{"id":13247,"date":"2017-01-22T20:05:25","date_gmt":"2017-01-22T23:05:25","guid":{"rendered":"https:\/\/eldiariodesanpedro.com.ar\/sitio\/?p=13247"},"modified":"2017-01-22T20:05:25","modified_gmt":"2017-01-22T23:05:25","slug":"burgos-desmintio-su-alejamiento-como-director-de-transito-y-nocturnidad","status":"publish","type":"post","link":"https:\/\/eldiariodesanpedro.com.ar\/sitio\/burgos-desmintio-su-alejamiento-como-director-de-transito-y-nocturnidad\/","title":{"rendered":"Burgos desminti\u00f3 su alejamiento como Director de Tr\u00e1nsito y Nocturnidad"},"content":{"rendered":"<p><!-- VideographyWP Plugin Message: Automatic video embedding prevented by plugin options. --><br \/>\nEl Director de Tr\u00e1nsito y Nocturnidad se reincorpor\u00f3 a su trabajo el martes pasado tras su licencia por vacaciones, luego de unos meses desgastantes tras la iniciativa de Salazar de ordenar la circulaci\u00f3n de veh\u00edculos en la ciudad.<\/p>\n<p>Un tema musical de \u201cGaby\u201d Torres, que es empleado municipal, se viraliz\u00f3 en los d\u00edas de descanso de Burgos, donde daba cuenta que su segundo en el \u00e1rea Luis Caramun, le hab\u00eda \u201czerruchado el piso\u201d, seg\u00fan expresa el tema.<\/p>\n<p>Sin embargo, esto fue totalmente por Burgos a trav\u00e9s del programa \u201cEl C\u00edrculo\u201d en \u201cLa Radio 92.3\u201d. \u201cLuis Caram\u00fan es una persona que puse yo. Habl\u00e9 con el Intendente para que me reemplazara porque me tomaba vacaciones\u201d, sostuvo el funcionario.<\/p>\n<p>\u201cS\u00e9 que \u00e9l no tiene techo. Somos dos personas que empezamos juntos y que nunca va a haber un recelo o un resentimiento bajo ning\u00fan punto de vista porque nos conocemos bien y queremos lo mejor el uno para \u00e9l otro\u201d, agreg\u00f3.<\/p>\n<p>Consultadas fuentes municipales, el tema obedecer\u00eda a problemas de Torres con Inspectores de Tr\u00e1nsito.<\/p>\n","protected":false},"excerpt":{"rendered":"<p>El Director de Tr\u00e1nsito y Nocturnidad se reincorpor\u00f3 a su trabajo el martes pasado tras su licencia por vacaciones, luego de unos meses desgastantes tras la iniciativa de Salazar de ordenar la circulaci\u00f3n de veh\u00edculos en la ciudad. Un tema musical de \u201cGaby\u201d Torres, que es empleado municipal, se viraliz\u00f3 en los d\u00edas de descanso [&hellip;]<\/p>\n","protected":false},"author":4,"featured_media":13249,"comment_status":"open","ping_status":"closed","sticky":false,"template":"","format":"standard","meta":{"om_disable_all_campaigns":false,"_jetpack_memberships_contains_paid_content":false,"footnotes":""},"categories":[50,2,102],"tags":[],"class_list":["post-13247","post","type-post","status-publish","format-standard","has-post-thumbnail","hentry","category-destacadas","category-locales","category-politica-locales"],"aioseo_notices":[],"gutentor_comment":0,"jetpack_featured_media_url":"https:\/\/eldiariodesanpedro.com.ar\/sitio\/wp-content\/uploads\/2017\/01\/\u00c1ngel-Burgos.jpeg","jetpack_shortlink":"https:\/\/wp.me\/p6RhLt-3rF","jetpack_sharing_enabled":true,"_links":{"self":[{"href":"https:\/\/eldiariodesanpedro.com.ar\/sitio\/wp-json\/wp\/v2\/posts\/13247","targetHints":{"allow":["GET"]}}],"collection":[{"href":"https:\/\/eldiariodesanpedro.com.ar\/sitio\/wp-json\/wp\/v2\/posts"}],"about":[{"href":"https:\/\/eldiariodesanpedro.com.ar\/sitio\/wp-json\/wp\/v2\/types\/post"}],"author":[{"embeddable":true,"href":"https:\/\/eldiariodesanpedro.com.ar\/sitio\/wp-json\/wp\/v2\/users\/4"}],"replies":[{"embeddable":true,"href":"https:\/\/eldiariodesanpedro.com.ar\/sitio\/wp-json\/wp\/v2\/comments?post=13247"}],"version-history":[{"count":1,"href":"https:\/\/eldiariodesanpedro.com.ar\/sitio\/wp-json\/wp\/v2\/posts\/13247\/revisions"}],"predecessor-version":[{"id":13248,"href":"https:\/\/eldiariodesanpedro.com.ar\/sitio\/wp-json\/wp\/v2\/posts\/13247\/revisions\/13248"}],"wp:featuredmedia":[{"embeddable":true,"href":"https:\/\/eldiariodesanpedro.com.ar\/sitio\/wp-json\/wp\/v2\/media\/13249"}],"wp:attachment":[{"href":"https:\/\/eldiariodesanpedro.com.ar\/sitio\/wp-json\/wp\/v2\/media?parent=13247"}],"wp:term":[{"taxonomy":"category","embeddable":true,"href":"https:\/\/eldiariodesanpedro.com.ar\/sitio\/wp-json\/wp\/v2\/categories?post=13247"},{"taxonomy":"post_tag","embeddable":true,"href":"https:\/\/eldiariodesanpedro.com.ar\/sitio\/wp-json\/wp\/v2\/tags?post=13247"}],"curies":[{"name":"wp","href":"https:\/\/api.w.org\/{rel}","templated":true}]}}