{"id":13244,"date":"2017-01-22T20:02:45","date_gmt":"2017-01-22T23:02:45","guid":{"rendered":"https:\/\/eldiariodesanpedro.com.ar\/sitio\/?p=13244"},"modified":"2026-01-24T00:39:12","modified_gmt":"2026-01-24T03:39:12","slug":"conmocion-en-gobernador-castro-por-el-fallecimiento-de-un-menor-de-15-anos","status":"publish","type":"post","link":"https:\/\/eldiariodesanpedro.com.ar\/sitio\/conmocion-en-gobernador-castro-por-el-fallecimiento-de-un-menor-de-15-anos\/","title":{"rendered":"Conmoci\u00f3n en Gobernador Castro por el fallecimiento de un menor de 15 a\u00f1os"},"content":{"rendered":"<p><!-- VideographyWP Plugin Message: Automatic video embedding prevented by plugin options. --><br \/>\nEl menor ingres\u00f3 el s\u00e1bado a las 6 AM al hospital 26 de Julio de la localidad, con un cuadro de v\u00f3mitos, luego de normalizada su situaci\u00f3n fue dado de alta. Sin embargo, cerca de las 8 hs. nuevamente necesito la asistencia. Se le practicaron tareas de reanimaci\u00f3n pero los m\u00e9dicos no pudieron salvarle la vida.<\/p>\n<p>Algunas versiones que llegan de la localidad indican que podr\u00eda tratarse un caso de sobredosis de estupefacientes, lo que despu\u00e9s pudo ser descartado.<\/p>\n<p>Seg\u00fan se pudo establecer, hab\u00eda estado en la plaza de la localidad con unos amigos,luego se fue a su casa donde se acost\u00f3 y comenz\u00f3 a sentirse mal. Se dirigi\u00f3 con su madre al centro asistencia donde  en la primera asistencia fue por una intoxicaci\u00f3n por ingesta de alcohol, sin embargo se cree que podr\u00eda haber sido un c\u00f3ctel mucho m\u00e1s peligroso que inclu\u00edan drogas ilegales. Luego, se retir\u00f3 a su vivienda y horas mas tarde fue llevado por un vecino totalmente descompensado y luego en el nosocomio se produjo su deceso.<\/p>\n<p>Se llev\u00f3 a cabo en la tarde del s\u00e1bado se llev\u00f3 a cabo en la morgue judicial de San Nicol\u00e1s. Los estudios determinaron que no hab\u00eda consumido estupefacientes.<\/p>\n<p>Finalizada operaci\u00f3n de autopsia realizada por el m\u00e9dico de polic\u00eda en morgue San Nicol\u00e1s, sobre el cuerpo del menor fallecido en Gdor. Castro este s\u00e1bado, dictamin\u00f3 que el menor falleci\u00f3 a causa de una arritmia card\u00edaca. Se extrajeron muestras sangu\u00edneas y viseras para hacer los estudios y as\u00ed poder determinar si tom\u00f3 alg\u00fan medicamento o sustancia que haya provocado tal patolog\u00eda.<\/p>\n<p>Adem\u00e1s  se constat\u00f3 que el mismo pose\u00eda un alto estado gripal con mucha mucosidad, se sospecha que podr\u00eda haberse automedicado.<\/p>\n","protected":false},"excerpt":{"rendered":"<p>El menor ingres\u00f3 el s\u00e1bado a las 6 AM al hospital 26 de Julio de la localidad, con un cuadro de v\u00f3mitos, luego de normalizada su situaci\u00f3n fue dado de alta. Sin embargo, cerca de las 8 hs. nuevamente necesito la asistencia. Se le practicaron tareas de reanimaci\u00f3n pero los m\u00e9dicos no pudieron salvarle la [&hellip;]<\/p>\n","protected":false},"author":4,"featured_media":13245,"comment_status":"open","ping_status":"closed","sticky":false,"template":"","format":"standard","meta":{"om_disable_all_campaigns":false,"_jetpack_memberships_contains_paid_content":false,"footnotes":""},"categories":[2],"tags":[],"class_list":["post-13244","post","type-post","status-publish","format-standard","has-post-thumbnail","hentry","category-locales"],"aioseo_notices":[],"gutentor_comment":0,"jetpack_featured_media_url":"https:\/\/eldiariodesanpedro.com.ar\/sitio\/wp-content\/uploads\/2017\/01\/El-Hospital-26-de-Julio-de-la-localidad.jpg","jetpack_shortlink":"https:\/\/wp.me\/p6RhLt-3rC","jetpack_sharing_enabled":true,"_links":{"self":[{"href":"https:\/\/eldiariodesanpedro.com.ar\/sitio\/wp-json\/wp\/v2\/posts\/13244","targetHints":{"allow":["GET"]}}],"collection":[{"href":"https:\/\/eldiariodesanpedro.com.ar\/sitio\/wp-json\/wp\/v2\/posts"}],"about":[{"href":"https:\/\/eldiariodesanpedro.com.ar\/sitio\/wp-json\/wp\/v2\/types\/post"}],"author":[{"embeddable":true,"href":"https:\/\/eldiariodesanpedro.com.ar\/sitio\/wp-json\/wp\/v2\/users\/4"}],"replies":[{"embeddable":true,"href":"https:\/\/eldiariodesanpedro.com.ar\/sitio\/wp-json\/wp\/v2\/comments?post=13244"}],"version-history":[{"count":1,"href":"https:\/\/eldiariodesanpedro.com.ar\/sitio\/wp-json\/wp\/v2\/posts\/13244\/revisions"}],"predecessor-version":[{"id":13246,"href":"https:\/\/eldiariodesanpedro.com.ar\/sitio\/wp-json\/wp\/v2\/posts\/13244\/revisions\/13246"}],"wp:featuredmedia":[{"embeddable":true,"href":"https:\/\/eldiariodesanpedro.com.ar\/sitio\/wp-json\/wp\/v2\/media\/13245"}],"wp:attachment":[{"href":"https:\/\/eldiariodesanpedro.com.ar\/sitio\/wp-json\/wp\/v2\/media?parent=13244"}],"wp:term":[{"taxonomy":"category","embeddable":true,"href":"https:\/\/eldiariodesanpedro.com.ar\/sitio\/wp-json\/wp\/v2\/categories?post=13244"},{"taxonomy":"post_tag","embeddable":true,"href":"https:\/\/eldiariodesanpedro.com.ar\/sitio\/wp-json\/wp\/v2\/tags?post=13244"}],"curies":[{"name":"wp","href":"https:\/\/api.w.org\/{rel}","templated":true}]}}