{"id":13241,"date":"2017-01-22T20:01:00","date_gmt":"2017-01-22T23:01:00","guid":{"rendered":"https:\/\/eldiariodesanpedro.com.ar\/sitio\/?p=13241"},"modified":"2017-01-22T20:01:00","modified_gmt":"2017-01-22T23:01:00","slug":"detuvieron-a-los-dos-peligrosos-motochorros-que-protagonizaron-gran-cantidad-de-hechos-delictivos","status":"publish","type":"post","link":"https:\/\/eldiariodesanpedro.com.ar\/sitio\/detuvieron-a-los-dos-peligrosos-motochorros-que-protagonizaron-gran-cantidad-de-hechos-delictivos\/","title":{"rendered":"Detuvieron a los dos peligrosos motochorros que protagonizaron gran cantidad de hechos delictivos"},"content":{"rendered":"<p><!-- VideographyWP Plugin Message: Automatic video embedding prevented by plugin options. --><br \/>\nEn la ma\u00f1ana de hoy fue aprehendida por el personal de la Comisar\u00eda tras un allanamiento encabezado por el Jefe Distrital Fabi\u00e1n Gallo, que se llev\u00f3 a cabo en Calle 21 bis al 400, la joven de 24 a\u00f1os, apodada \u201cLa Pitu\u201d.<\/p>\n<p>En tanto que en Casella al 1100 fue capturado un sujeto de 21 a\u00f1os (quien posee antecedentes penales y recuper\u00f3 la libertad de la UP3 San Nicol\u00e1s hace dos meses por Robo Calificado).  La mujer se encontraba identificada y hab\u00eda sido denunciada en distintos hechos.<\/p>\n<p><strong>Seg\u00fan el informe de la polic\u00eda, son los siguientes:<\/strong><\/p>\n<p>1 Tentativa de Robo Agravado por Uso de Arma, del dia 21 cte. . Intervino la UFI Nro.11.<br \/>\n2 Hurto: Un ventilador y dos celulares.<br \/>\n3 Robo de una moto zanella 110 (fue secuestrada)<br \/>\n4 Hurto por  arrebato de una  cartera<br \/>\n5 Hurto por arrebato de una cartera<br \/>\n6 Robo. Sustrae bicicleta,  DVD, mochila, zapatillas.<br \/>\nCabe destacar que estos hechos ocurrieron entre el 19 y 21 corriente.<\/p>\n","protected":false},"excerpt":{"rendered":"<p>En la ma\u00f1ana de hoy fue aprehendida por el personal de la Comisar\u00eda tras un allanamiento encabezado por el Jefe Distrital Fabi\u00e1n Gallo, que se llev\u00f3 a cabo en Calle 21 bis al 400, la joven de 24 a\u00f1os, apodada \u201cLa Pitu\u201d. En tanto que en Casella al 1100 fue capturado un sujeto de 21 [&hellip;]<\/p>\n","protected":false},"author":4,"featured_media":13242,"comment_status":"open","ping_status":"closed","sticky":false,"template":"","format":"standard","meta":{"om_disable_all_campaigns":false,"_jetpack_memberships_contains_paid_content":false,"footnotes":""},"categories":[50,2,103],"tags":[],"class_list":["post-13241","post","type-post","status-publish","format-standard","has-post-thumbnail","hentry","category-destacadas","category-locales","category-policiales-locales"],"aioseo_notices":[],"gutentor_comment":0,"jetpack_featured_media_url":"https:\/\/eldiariodesanpedro.com.ar\/sitio\/wp-content\/uploads\/2017\/01\/La-pitu-detenida.jpeg","jetpack_shortlink":"https:\/\/wp.me\/p6RhLt-3rz","jetpack_sharing_enabled":true,"_links":{"self":[{"href":"https:\/\/eldiariodesanpedro.com.ar\/sitio\/wp-json\/wp\/v2\/posts\/13241","targetHints":{"allow":["GET"]}}],"collection":[{"href":"https:\/\/eldiariodesanpedro.com.ar\/sitio\/wp-json\/wp\/v2\/posts"}],"about":[{"href":"https:\/\/eldiariodesanpedro.com.ar\/sitio\/wp-json\/wp\/v2\/types\/post"}],"author":[{"embeddable":true,"href":"https:\/\/eldiariodesanpedro.com.ar\/sitio\/wp-json\/wp\/v2\/users\/4"}],"replies":[{"embeddable":true,"href":"https:\/\/eldiariodesanpedro.com.ar\/sitio\/wp-json\/wp\/v2\/comments?post=13241"}],"version-history":[{"count":1,"href":"https:\/\/eldiariodesanpedro.com.ar\/sitio\/wp-json\/wp\/v2\/posts\/13241\/revisions"}],"predecessor-version":[{"id":13243,"href":"https:\/\/eldiariodesanpedro.com.ar\/sitio\/wp-json\/wp\/v2\/posts\/13241\/revisions\/13243"}],"wp:featuredmedia":[{"embeddable":true,"href":"https:\/\/eldiariodesanpedro.com.ar\/sitio\/wp-json\/wp\/v2\/media\/13242"}],"wp:attachment":[{"href":"https:\/\/eldiariodesanpedro.com.ar\/sitio\/wp-json\/wp\/v2\/media?parent=13241"}],"wp:term":[{"taxonomy":"category","embeddable":true,"href":"https:\/\/eldiariodesanpedro.com.ar\/sitio\/wp-json\/wp\/v2\/categories?post=13241"},{"taxonomy":"post_tag","embeddable":true,"href":"https:\/\/eldiariodesanpedro.com.ar\/sitio\/wp-json\/wp\/v2\/tags?post=13241"}],"curies":[{"name":"wp","href":"https:\/\/api.w.org\/{rel}","templated":true}]}}