{"id":13237,"date":"2017-01-21T14:05:53","date_gmt":"2017-01-21T17:05:53","guid":{"rendered":"https:\/\/eldiariodesanpedro.com.ar\/sitio\/?p=13237"},"modified":"2017-01-21T14:05:53","modified_gmt":"2017-01-21T17:05:53","slug":"allanaron-un-domicilio-y-recuperaron-objetos-robados","status":"publish","type":"post","link":"https:\/\/eldiariodesanpedro.com.ar\/sitio\/allanaron-un-domicilio-y-recuperaron-objetos-robados\/","title":{"rendered":"Allanaron un domicilio y recuperaron objetos robados"},"content":{"rendered":"<p><!-- VideographyWP Plugin Message: Automatic video embedding prevented by plugin options. --><br \/>\nEn el d\u00eda de ayer personal de la comisar\u00eda conjuntamente con personal de la sub DDI San Pedro &#8211; Baradero,,  se llev\u00f3 a cabo allanamiento otorgados por el juez de garant\u00edas de San Nicol\u00e1s, para un domicilio de nuestra ciudad donde se secuestraron una notbook y dos equipos celulares. Los cuales fueron robados d\u00edas atr\u00e1s por una joven menor de edad quien quien realiza publicaciones y  amenazas via Facebook. <\/p>\n","protected":false},"excerpt":{"rendered":"<p>En el d\u00eda de ayer personal de la comisar\u00eda conjuntamente con personal de la sub DDI San Pedro &#8211; Baradero,, se llev\u00f3 a cabo allanamiento otorgados por el juez de garant\u00edas de San Nicol\u00e1s, para un domicilio de nuestra ciudad donde se secuestraron una notbook y dos equipos celulares. Los cuales fueron robados d\u00edas atr\u00e1s [&hellip;]<\/p>\n","protected":false},"author":4,"featured_media":9455,"comment_status":"open","ping_status":"closed","sticky":false,"template":"","format":"standard","meta":{"om_disable_all_campaigns":false,"_jetpack_memberships_contains_paid_content":false,"footnotes":""},"categories":[2,103],"tags":[],"class_list":["post-13237","post","type-post","status-publish","format-standard","has-post-thumbnail","hentry","category-locales","category-policiales-locales"],"aioseo_notices":[],"gutentor_comment":0,"jetpack_featured_media_url":"https:\/\/eldiariodesanpedro.com.ar\/sitio\/wp-content\/uploads\/2016\/10\/patrullero-policial..jpg","jetpack_shortlink":"https:\/\/wp.me\/p6RhLt-3rv","jetpack_sharing_enabled":true,"_links":{"self":[{"href":"https:\/\/eldiariodesanpedro.com.ar\/sitio\/wp-json\/wp\/v2\/posts\/13237","targetHints":{"allow":["GET"]}}],"collection":[{"href":"https:\/\/eldiariodesanpedro.com.ar\/sitio\/wp-json\/wp\/v2\/posts"}],"about":[{"href":"https:\/\/eldiariodesanpedro.com.ar\/sitio\/wp-json\/wp\/v2\/types\/post"}],"author":[{"embeddable":true,"href":"https:\/\/eldiariodesanpedro.com.ar\/sitio\/wp-json\/wp\/v2\/users\/4"}],"replies":[{"embeddable":true,"href":"https:\/\/eldiariodesanpedro.com.ar\/sitio\/wp-json\/wp\/v2\/comments?post=13237"}],"version-history":[{"count":1,"href":"https:\/\/eldiariodesanpedro.com.ar\/sitio\/wp-json\/wp\/v2\/posts\/13237\/revisions"}],"predecessor-version":[{"id":13238,"href":"https:\/\/eldiariodesanpedro.com.ar\/sitio\/wp-json\/wp\/v2\/posts\/13237\/revisions\/13238"}],"wp:featuredmedia":[{"embeddable":true,"href":"https:\/\/eldiariodesanpedro.com.ar\/sitio\/wp-json\/wp\/v2\/media\/9455"}],"wp:attachment":[{"href":"https:\/\/eldiariodesanpedro.com.ar\/sitio\/wp-json\/wp\/v2\/media?parent=13237"}],"wp:term":[{"taxonomy":"category","embeddable":true,"href":"https:\/\/eldiariodesanpedro.com.ar\/sitio\/wp-json\/wp\/v2\/categories?post=13237"},{"taxonomy":"post_tag","embeddable":true,"href":"https:\/\/eldiariodesanpedro.com.ar\/sitio\/wp-json\/wp\/v2\/tags?post=13237"}],"curies":[{"name":"wp","href":"https:\/\/api.w.org\/{rel}","templated":true}]}}