{"id":13235,"date":"2017-01-21T13:52:44","date_gmt":"2017-01-21T16:52:44","guid":{"rendered":"https:\/\/eldiariodesanpedro.com.ar\/sitio\/?p=13235"},"modified":"2017-01-21T13:52:44","modified_gmt":"2017-01-21T16:52:44","slug":"un-detenido-por-romper-un-vidrio-de-una-estacion-de-servicios","status":"publish","type":"post","link":"https:\/\/eldiariodesanpedro.com.ar\/sitio\/un-detenido-por-romper-un-vidrio-de-una-estacion-de-servicios\/","title":{"rendered":"Un detenido por romper un vidrio de una estaci\u00f3n de servicios"},"content":{"rendered":"<p><!-- VideographyWP Plugin Message: Automatic video embedding prevented by plugin options. --><br \/>\nEn horas de la ma\u00f1ana personal de la polic\u00eda de la Comisar\u00eda local se hizo presente en la estaci\u00f3n de servicio en la esquina de Pellegrini y 3 de Febrero, donde un joven de 20 a\u00f1os fue aprendido por que momentos antes hab\u00eda roto un vidrio blindex de ese comercio,  siendo trasladado hasta la jefatura. <\/p>\n","protected":false},"excerpt":{"rendered":"<p>En horas de la ma\u00f1ana personal de la polic\u00eda de la Comisar\u00eda local se hizo presente en la estaci\u00f3n de servicio en la esquina de Pellegrini y 3 de Febrero, donde un joven de 20 a\u00f1os fue aprendido por que momentos antes hab\u00eda roto un vidrio blindex de ese comercio, siendo trasladado hasta la jefatura.<\/p>\n","protected":false},"author":4,"featured_media":11890,"comment_status":"open","ping_status":"closed","sticky":false,"template":"","format":"standard","meta":{"om_disable_all_campaigns":false,"_jetpack_memberships_contains_paid_content":false,"footnotes":""},"categories":[2,103],"tags":[],"class_list":["post-13235","post","type-post","status-publish","format-standard","has-post-thumbnail","hentry","category-locales","category-policiales-locales"],"aioseo_notices":[],"gutentor_comment":0,"jetpack_featured_media_url":"https:\/\/eldiariodesanpedro.com.ar\/sitio\/wp-content\/uploads\/2016\/12\/camioneta-policia.jpg","jetpack_shortlink":"https:\/\/wp.me\/p6RhLt-3rt","jetpack_sharing_enabled":true,"_links":{"self":[{"href":"https:\/\/eldiariodesanpedro.com.ar\/sitio\/wp-json\/wp\/v2\/posts\/13235","targetHints":{"allow":["GET"]}}],"collection":[{"href":"https:\/\/eldiariodesanpedro.com.ar\/sitio\/wp-json\/wp\/v2\/posts"}],"about":[{"href":"https:\/\/eldiariodesanpedro.com.ar\/sitio\/wp-json\/wp\/v2\/types\/post"}],"author":[{"embeddable":true,"href":"https:\/\/eldiariodesanpedro.com.ar\/sitio\/wp-json\/wp\/v2\/users\/4"}],"replies":[{"embeddable":true,"href":"https:\/\/eldiariodesanpedro.com.ar\/sitio\/wp-json\/wp\/v2\/comments?post=13235"}],"version-history":[{"count":1,"href":"https:\/\/eldiariodesanpedro.com.ar\/sitio\/wp-json\/wp\/v2\/posts\/13235\/revisions"}],"predecessor-version":[{"id":13236,"href":"https:\/\/eldiariodesanpedro.com.ar\/sitio\/wp-json\/wp\/v2\/posts\/13235\/revisions\/13236"}],"wp:featuredmedia":[{"embeddable":true,"href":"https:\/\/eldiariodesanpedro.com.ar\/sitio\/wp-json\/wp\/v2\/media\/11890"}],"wp:attachment":[{"href":"https:\/\/eldiariodesanpedro.com.ar\/sitio\/wp-json\/wp\/v2\/media?parent=13235"}],"wp:term":[{"taxonomy":"category","embeddable":true,"href":"https:\/\/eldiariodesanpedro.com.ar\/sitio\/wp-json\/wp\/v2\/categories?post=13235"},{"taxonomy":"post_tag","embeddable":true,"href":"https:\/\/eldiariodesanpedro.com.ar\/sitio\/wp-json\/wp\/v2\/tags?post=13235"}],"curies":[{"name":"wp","href":"https:\/\/api.w.org\/{rel}","templated":true}]}}