{"id":13233,"date":"2017-01-21T13:42:56","date_gmt":"2017-01-21T16:42:56","guid":{"rendered":"https:\/\/eldiariodesanpedro.com.ar\/sitio\/?p=13233"},"modified":"2017-01-21T13:42:56","modified_gmt":"2017-01-21T16:42:56","slug":"un-herido-de-arma-blanca-en-gobernador-castro","status":"publish","type":"post","link":"https:\/\/eldiariodesanpedro.com.ar\/sitio\/un-herido-de-arma-blanca-en-gobernador-castro\/","title":{"rendered":"Un herido de arma blanca en Gobernador Castro"},"content":{"rendered":"<p><!-- VideographyWP Plugin Message: Automatic video embedding prevented by plugin options. --><br \/>\nEn el d\u00eda de ayer en la localidad de Gobernador Castro a ra\u00edz de que se tom\u00f3 conocimiento a trav\u00e9s del servicio 101 del ingreso de una persona herida de arma blanca en el Hospital 26 de Julio, la v\u00edctima ser\u00eda un hombre de 30 a\u00f1os, la que recibi\u00f3 heridas de corto punzante de car\u00e1cter leves en el brazo y codo izquierdo, al tomarle declaraci\u00f3n explic\u00f3 que todo fue causa de una ri\u00f1a con otra persona.<\/p>\n","protected":false},"excerpt":{"rendered":"<p>En el d\u00eda de ayer en la localidad de Gobernador Castro a ra\u00edz de que se tom\u00f3 conocimiento a trav\u00e9s del servicio 101 del ingreso de una persona herida de arma blanca en el Hospital 26 de Julio, la v\u00edctima ser\u00eda un hombre de 30 a\u00f1os, la que recibi\u00f3 heridas de corto punzante de car\u00e1cter [&hellip;]<\/p>\n","protected":false},"author":4,"featured_media":1296,"comment_status":"open","ping_status":"closed","sticky":false,"template":"","format":"standard","meta":{"om_disable_all_campaigns":false,"_jetpack_memberships_contains_paid_content":false,"footnotes":""},"categories":[2,103],"tags":[],"class_list":["post-13233","post","type-post","status-publish","format-standard","has-post-thumbnail","hentry","category-locales","category-policiales-locales"],"aioseo_notices":[],"gutentor_comment":0,"jetpack_featured_media_url":"https:\/\/eldiariodesanpedro.com.ar\/sitio\/wp-content\/uploads\/2015\/12\/gobernador_castro_acceso1.jpg","jetpack_shortlink":"https:\/\/wp.me\/p6RhLt-3rr","jetpack_sharing_enabled":true,"_links":{"self":[{"href":"https:\/\/eldiariodesanpedro.com.ar\/sitio\/wp-json\/wp\/v2\/posts\/13233","targetHints":{"allow":["GET"]}}],"collection":[{"href":"https:\/\/eldiariodesanpedro.com.ar\/sitio\/wp-json\/wp\/v2\/posts"}],"about":[{"href":"https:\/\/eldiariodesanpedro.com.ar\/sitio\/wp-json\/wp\/v2\/types\/post"}],"author":[{"embeddable":true,"href":"https:\/\/eldiariodesanpedro.com.ar\/sitio\/wp-json\/wp\/v2\/users\/4"}],"replies":[{"embeddable":true,"href":"https:\/\/eldiariodesanpedro.com.ar\/sitio\/wp-json\/wp\/v2\/comments?post=13233"}],"version-history":[{"count":1,"href":"https:\/\/eldiariodesanpedro.com.ar\/sitio\/wp-json\/wp\/v2\/posts\/13233\/revisions"}],"predecessor-version":[{"id":13234,"href":"https:\/\/eldiariodesanpedro.com.ar\/sitio\/wp-json\/wp\/v2\/posts\/13233\/revisions\/13234"}],"wp:featuredmedia":[{"embeddable":true,"href":"https:\/\/eldiariodesanpedro.com.ar\/sitio\/wp-json\/wp\/v2\/media\/1296"}],"wp:attachment":[{"href":"https:\/\/eldiariodesanpedro.com.ar\/sitio\/wp-json\/wp\/v2\/media?parent=13233"}],"wp:term":[{"taxonomy":"category","embeddable":true,"href":"https:\/\/eldiariodesanpedro.com.ar\/sitio\/wp-json\/wp\/v2\/categories?post=13233"},{"taxonomy":"post_tag","embeddable":true,"href":"https:\/\/eldiariodesanpedro.com.ar\/sitio\/wp-json\/wp\/v2\/tags?post=13233"}],"curies":[{"name":"wp","href":"https:\/\/api.w.org\/{rel}","templated":true}]}}