{"id":13228,"date":"2017-01-21T13:25:04","date_gmt":"2017-01-21T16:25:04","guid":{"rendered":"https:\/\/eldiariodesanpedro.com.ar\/sitio\/?p=13228"},"modified":"2017-01-21T13:25:04","modified_gmt":"2017-01-21T16:25:04","slug":"la-policia-local-recupera-una-moto","status":"publish","type":"post","link":"https:\/\/eldiariodesanpedro.com.ar\/sitio\/la-policia-local-recupera-una-moto\/","title":{"rendered":"La polic\u00eda local recupera una moto"},"content":{"rendered":"<p><!-- VideographyWP Plugin Message: Automatic video embedding prevented by plugin options. --><br \/>\nEste viernes personal de la polic\u00eda local conjuntamente con la polic\u00eda departamental en la intersecci\u00f3n de Pellegrini e Hip\u00f3lito Irigoyen procedi\u00f3 a la identificaci\u00f3n de un joven de 22 a\u00f1os,  quien se movilizada a bordo una motocicleta 110 cc,  se estableci\u00f3 que la misma ten\u00eda pedido de secuestro por el delito de hurto calificado el d\u00eda 09 de enero de 2017. <\/p>\n","protected":false},"excerpt":{"rendered":"<p>Este viernes personal de la polic\u00eda local conjuntamente con la polic\u00eda departamental en la intersecci\u00f3n de Pellegrini e Hip\u00f3lito Irigoyen procedi\u00f3 a la identificaci\u00f3n de un joven de 22 a\u00f1os, quien se movilizada a bordo una motocicleta 110 cc, se estableci\u00f3 que la misma ten\u00eda pedido de secuestro por el delito de hurto calificado el [&hellip;]<\/p>\n","protected":false},"author":4,"featured_media":12804,"comment_status":"open","ping_status":"closed","sticky":false,"template":"","format":"standard","meta":{"om_disable_all_campaigns":false,"_jetpack_memberships_contains_paid_content":false,"footnotes":""},"categories":[2,103],"tags":[],"class_list":["post-13228","post","type-post","status-publish","format-standard","has-post-thumbnail","hentry","category-locales","category-policiales-locales"],"aioseo_notices":[],"gutentor_comment":0,"jetpack_featured_media_url":"https:\/\/eldiariodesanpedro.com.ar\/sitio\/wp-content\/uploads\/2017\/01\/La-Polic\u00eda-Local-realiza-patrullajes-en-la-zona-c\u00e9ntrica-y-la-de-la-ribera.jpg","jetpack_shortlink":"https:\/\/wp.me\/p6RhLt-3rm","jetpack_sharing_enabled":true,"_links":{"self":[{"href":"https:\/\/eldiariodesanpedro.com.ar\/sitio\/wp-json\/wp\/v2\/posts\/13228","targetHints":{"allow":["GET"]}}],"collection":[{"href":"https:\/\/eldiariodesanpedro.com.ar\/sitio\/wp-json\/wp\/v2\/posts"}],"about":[{"href":"https:\/\/eldiariodesanpedro.com.ar\/sitio\/wp-json\/wp\/v2\/types\/post"}],"author":[{"embeddable":true,"href":"https:\/\/eldiariodesanpedro.com.ar\/sitio\/wp-json\/wp\/v2\/users\/4"}],"replies":[{"embeddable":true,"href":"https:\/\/eldiariodesanpedro.com.ar\/sitio\/wp-json\/wp\/v2\/comments?post=13228"}],"version-history":[{"count":1,"href":"https:\/\/eldiariodesanpedro.com.ar\/sitio\/wp-json\/wp\/v2\/posts\/13228\/revisions"}],"predecessor-version":[{"id":13229,"href":"https:\/\/eldiariodesanpedro.com.ar\/sitio\/wp-json\/wp\/v2\/posts\/13228\/revisions\/13229"}],"wp:featuredmedia":[{"embeddable":true,"href":"https:\/\/eldiariodesanpedro.com.ar\/sitio\/wp-json\/wp\/v2\/media\/12804"}],"wp:attachment":[{"href":"https:\/\/eldiariodesanpedro.com.ar\/sitio\/wp-json\/wp\/v2\/media?parent=13228"}],"wp:term":[{"taxonomy":"category","embeddable":true,"href":"https:\/\/eldiariodesanpedro.com.ar\/sitio\/wp-json\/wp\/v2\/categories?post=13228"},{"taxonomy":"post_tag","embeddable":true,"href":"https:\/\/eldiariodesanpedro.com.ar\/sitio\/wp-json\/wp\/v2\/tags?post=13228"}],"curies":[{"name":"wp","href":"https:\/\/api.w.org\/{rel}","templated":true}]}}