{"id":13211,"date":"2017-01-20T21:20:48","date_gmt":"2017-01-21T00:20:48","guid":{"rendered":"https:\/\/eldiariodesanpedro.com.ar\/sitio\/?p=13211"},"modified":"2017-01-20T21:20:48","modified_gmt":"2017-01-21T00:20:48","slug":"piden-investigar-si-cristina-incurrio-en-abuso-de-autoridad-y-promovio-denuncias-falsas","status":"publish","type":"post","link":"https:\/\/eldiariodesanpedro.com.ar\/sitio\/piden-investigar-si-cristina-incurrio-en-abuso-de-autoridad-y-promovio-denuncias-falsas\/","title":{"rendered":"Piden investigar si Cristina incurri\u00f3 en abuso de autoridad y promovi\u00f3 denuncias falsas"},"content":{"rendered":"<p><!-- VideographyWP Plugin Message: Automatic video embedding prevented by plugin options. --><br \/>\n(T\u00e9lam) &#8211; El fiscal Marijuan realiz\u00f3 la denuncia luego de acceder a la transcripci\u00f3n de una escucha telef\u00f3nica en la que el ex jefe de la Agencia Federal de Inteligencia (AFI), Oscar Parrilli, habla con la ex mandataria sobre las causas abiertas contra Stiuso.<\/p>\n<p>   El fiscal federal Guillermo Marijuan present\u00f3 este viernes una denuncia para que se investigue si la ex presidenta Cristina Fern\u00e1ndez de Kirchner incurri\u00f3 en \u00ababuso de autoridad\u00bb y promovi\u00f3 denuncias falsas contra el ex esp\u00eda Antonio Stiuso.<\/p>\n<p>   Marijuan le present\u00f3 la denuncia al juez federal Ariel Lijo, quien el lunes la enviar\u00e1 a la C\u00e1mara Federal para que se sortee cu\u00e1l es el juzgado que debe intervenir en la investigaci\u00f3n contra la ex jefa de Estado, informaron fuentes judiciales. <\/p>\n<p>   El fiscal realiz\u00f3 la denuncia luego de acceder a la transcripci\u00f3n de una escucha telef\u00f3nica en la que el ex jefe de la Agencia Federal de Inteligencia (AFI), Oscar Parrilli, habla con la ex mandataria sobre las causas abiertas contra Stiuso.<\/p>\n<p>   De acuerdo a la denuncia de Marijuan, en una de las conversaciones la ex presidenta le habr\u00eda pedido a Parrilli que buscara las causas que le armaron a Stiuso para luego retractarse y referirse a las causas en las que denunciaron al ex agente.<\/p>\n<p>   \u00abEmpez\u00e1 a buscar todas las causas que le armamos\u2026No que le armamos, que denunciamos a Stiuso\u00bb, le dijo supuestamente la ex presidenta a Parrilli en una conversaci\u00f3n del 11 de julio de 2016, d\u00eda en que el diario La Naci\u00f3n public\u00f3 una entrevista en la que el esp\u00eda que hab\u00eda sido removido de la AFI dijo que Cristina Fern\u00e1ndez de Kirchner era \u00abuna mujer loca\u00bb.<\/p>\n<p>   \u00abLa afirmaci\u00f3n -a\u00fan con la retractaci\u00f3n- de que se habr\u00edan armado causas penales contra Antonio Horacio Stiuso necesariamente conduce a esta representaci\u00f3n del Ministerio P\u00fablico a solicitar que se investiguen los supuestos previstos en los art\u00edculos 245 y 248 del C\u00f3digo Penal, sin perjuicio de la calificaci\u00f3n que el magistrado que resulte desinsaculado (en este caso, sorteado. N. del E.) adopte al respecto\u00bb, sostuvo Marijuan en su dictamen.<\/p>\n<p>   Los di\u00e1logos a los que se refiere Marijuan surgieron de la causa a cargo del juez Lijo en la que Parrilli est\u00e1 siendo investigado por el supuesto encubrimiento del empresario detenido Ibar P\u00e9rez Corradi.<\/p>\n<p>   Acusado de ser el autor intelectual del Triple Crimen de General Rodr\u00edguez e investigado por tr\u00e1fico de efedrina, P\u00e9rez Corradi fue detenido a mitad del a\u00f1o pasado despu\u00e9s de estar 4 a\u00f1os pr\u00f3fugo.<\/p>\n","protected":false},"excerpt":{"rendered":"<p>(T\u00e9lam) &#8211; El fiscal Marijuan realiz\u00f3 la denuncia luego de acceder a la transcripci\u00f3n de una escucha telef\u00f3nica en la que el ex jefe de la Agencia Federal de Inteligencia (AFI), Oscar Parrilli, habla con la ex mandataria sobre las causas abiertas contra Stiuso. El fiscal federal Guillermo Marijuan present\u00f3 este viernes una denuncia para [&hellip;]<\/p>\n","protected":false},"author":4,"featured_media":13212,"comment_status":"open","ping_status":"closed","sticky":false,"template":"","format":"standard","meta":{"om_disable_all_campaigns":false,"_jetpack_memberships_contains_paid_content":false,"footnotes":""},"categories":[3],"tags":[],"class_list":["post-13211","post","type-post","status-publish","format-standard","has-post-thumbnail","hentry","category-nacionales"],"aioseo_notices":[],"gutentor_comment":0,"jetpack_featured_media_url":"https:\/\/eldiariodesanpedro.com.ar\/sitio\/wp-content\/uploads\/2017\/01\/Cristina.jpg","jetpack_shortlink":"https:\/\/wp.me\/p6RhLt-3r5","jetpack_sharing_enabled":true,"_links":{"self":[{"href":"https:\/\/eldiariodesanpedro.com.ar\/sitio\/wp-json\/wp\/v2\/posts\/13211","targetHints":{"allow":["GET"]}}],"collection":[{"href":"https:\/\/eldiariodesanpedro.com.ar\/sitio\/wp-json\/wp\/v2\/posts"}],"about":[{"href":"https:\/\/eldiariodesanpedro.com.ar\/sitio\/wp-json\/wp\/v2\/types\/post"}],"author":[{"embeddable":true,"href":"https:\/\/eldiariodesanpedro.com.ar\/sitio\/wp-json\/wp\/v2\/users\/4"}],"replies":[{"embeddable":true,"href":"https:\/\/eldiariodesanpedro.com.ar\/sitio\/wp-json\/wp\/v2\/comments?post=13211"}],"version-history":[{"count":1,"href":"https:\/\/eldiariodesanpedro.com.ar\/sitio\/wp-json\/wp\/v2\/posts\/13211\/revisions"}],"predecessor-version":[{"id":13213,"href":"https:\/\/eldiariodesanpedro.com.ar\/sitio\/wp-json\/wp\/v2\/posts\/13211\/revisions\/13213"}],"wp:featuredmedia":[{"embeddable":true,"href":"https:\/\/eldiariodesanpedro.com.ar\/sitio\/wp-json\/wp\/v2\/media\/13212"}],"wp:attachment":[{"href":"https:\/\/eldiariodesanpedro.com.ar\/sitio\/wp-json\/wp\/v2\/media?parent=13211"}],"wp:term":[{"taxonomy":"category","embeddable":true,"href":"https:\/\/eldiariodesanpedro.com.ar\/sitio\/wp-json\/wp\/v2\/categories?post=13211"},{"taxonomy":"post_tag","embeddable":true,"href":"https:\/\/eldiariodesanpedro.com.ar\/sitio\/wp-json\/wp\/v2\/tags?post=13211"}],"curies":[{"name":"wp","href":"https:\/\/api.w.org\/{rel}","templated":true}]}}