{"id":13196,"date":"2017-01-20T21:07:55","date_gmt":"2017-01-21T00:07:55","guid":{"rendered":"https:\/\/eldiariodesanpedro.com.ar\/sitio\/?p=13196"},"modified":"2017-01-20T21:07:55","modified_gmt":"2017-01-21T00:07:55","slug":"baradero-contara-con-una-division-de-a-caballo-en-la-policia","status":"publish","type":"post","link":"https:\/\/eldiariodesanpedro.com.ar\/sitio\/baradero-contara-con-una-division-de-a-caballo-en-la-policia\/","title":{"rendered":"Baradero contar\u00e1 con una divisi\u00f3n de a caballo en la polic\u00eda"},"content":{"rendered":"<p><!-- VideographyWP Plugin Message: Automatic video embedding prevented by plugin options. --><br \/>\nGestiones llevadas a cabo por el Foro de Seguridad, que preside el se\u00f1or Jorge Podest\u00e1, lograron concretar una gesti\u00f3n que se hab\u00eda llevado a cabo hace un tiempo y que result\u00f3 aprobada por la intendente municipal Fernanda Antonijevic habida cuenta que, en los pr\u00f3ximos meses, se disputar\u00e1n importantes encuentros de f\u00fatbol y se piensa que contar con una divisi\u00f3n de caballer\u00eda es de importancia para un mejor control y seguridad.<\/p>\n<p>A partir de unos d\u00edas Baradero contar\u00e1 con una divisi\u00f3n de a caballo policial, para lo cual llegar\u00e1n cuatro equinos que ser\u00e1n alojados en el Parque del Este y cuyo cuidado estar\u00e1 a cargo de m\u00e9dicos veterinarios locales que ya se han puesto a disposici\u00f3n para tal cosa.<\/p>\n<p>El h\u00e1bitat natural con que cuenta Baradero, result\u00f3 determinante a la hora de asignar este recurso al municipio y que hab\u00edan solicitado varias otras comunas de manera simult\u00e1nea. (El Diario de Baradero).<\/p>\n","protected":false},"excerpt":{"rendered":"<p>Gestiones llevadas a cabo por el Foro de Seguridad, que preside el se\u00f1or Jorge Podest\u00e1, lograron concretar una gesti\u00f3n que se hab\u00eda llevado a cabo hace un tiempo y que result\u00f3 aprobada por la intendente municipal Fernanda Antonijevic habida cuenta que, en los pr\u00f3ximos meses, se disputar\u00e1n importantes encuentros de f\u00fatbol y se piensa que [&hellip;]<\/p>\n","protected":false},"author":4,"featured_media":13197,"comment_status":"open","ping_status":"closed","sticky":false,"template":"","format":"standard","meta":{"om_disable_all_campaigns":false,"_jetpack_memberships_contains_paid_content":false,"footnotes":""},"categories":[621],"tags":[],"class_list":["post-13196","post","type-post","status-publish","format-standard","has-post-thumbnail","hentry","category-regionales"],"aioseo_notices":[],"gutentor_comment":0,"jetpack_featured_media_url":"https:\/\/eldiariodesanpedro.com.ar\/sitio\/wp-content\/uploads\/2017\/01\/caballeria.jpg","jetpack_shortlink":"https:\/\/wp.me\/p6RhLt-3qQ","jetpack_sharing_enabled":true,"_links":{"self":[{"href":"https:\/\/eldiariodesanpedro.com.ar\/sitio\/wp-json\/wp\/v2\/posts\/13196","targetHints":{"allow":["GET"]}}],"collection":[{"href":"https:\/\/eldiariodesanpedro.com.ar\/sitio\/wp-json\/wp\/v2\/posts"}],"about":[{"href":"https:\/\/eldiariodesanpedro.com.ar\/sitio\/wp-json\/wp\/v2\/types\/post"}],"author":[{"embeddable":true,"href":"https:\/\/eldiariodesanpedro.com.ar\/sitio\/wp-json\/wp\/v2\/users\/4"}],"replies":[{"embeddable":true,"href":"https:\/\/eldiariodesanpedro.com.ar\/sitio\/wp-json\/wp\/v2\/comments?post=13196"}],"version-history":[{"count":1,"href":"https:\/\/eldiariodesanpedro.com.ar\/sitio\/wp-json\/wp\/v2\/posts\/13196\/revisions"}],"predecessor-version":[{"id":13198,"href":"https:\/\/eldiariodesanpedro.com.ar\/sitio\/wp-json\/wp\/v2\/posts\/13196\/revisions\/13198"}],"wp:featuredmedia":[{"embeddable":true,"href":"https:\/\/eldiariodesanpedro.com.ar\/sitio\/wp-json\/wp\/v2\/media\/13197"}],"wp:attachment":[{"href":"https:\/\/eldiariodesanpedro.com.ar\/sitio\/wp-json\/wp\/v2\/media?parent=13196"}],"wp:term":[{"taxonomy":"category","embeddable":true,"href":"https:\/\/eldiariodesanpedro.com.ar\/sitio\/wp-json\/wp\/v2\/categories?post=13196"},{"taxonomy":"post_tag","embeddable":true,"href":"https:\/\/eldiariodesanpedro.com.ar\/sitio\/wp-json\/wp\/v2\/tags?post=13196"}],"curies":[{"name":"wp","href":"https:\/\/api.w.org\/{rel}","templated":true}]}}