{"id":13193,"date":"2017-01-20T20:57:34","date_gmt":"2017-01-20T23:57:34","guid":{"rendered":"https:\/\/eldiariodesanpedro.com.ar\/sitio\/?p=13193"},"modified":"2017-01-20T20:57:34","modified_gmt":"2017-01-20T23:57:34","slug":"campana-evaluaran-los-edificios-altos-de-la-ciudad-para-conocer-la-capacidad-de-respuesta-ante-un-incendio","status":"publish","type":"post","link":"https:\/\/eldiariodesanpedro.com.ar\/sitio\/campana-evaluaran-los-edificios-altos-de-la-ciudad-para-conocer-la-capacidad-de-respuesta-ante-un-incendio\/","title":{"rendered":"CAMPANA: Evaluar\u00e1n los edificios altos de la ciudad para conocer la capacidad de respuesta ante un incendio"},"content":{"rendered":"<p><!-- VideographyWP Plugin Message: Automatic video embedding prevented by plugin options. --><br \/>\nEn esta primera fase, que se realizar\u00e1 en febrero, no se tratar\u00e1 de simulacros, sino de ejercicios para comprobar v\u00edas de acceso, mejor posicionamiento de los equipos de rescate y los de lucha contra incendio.<\/p>\n<p>Bomberos Voluntarios y Defensa Civil de Campana programan en conjunto la realizaci\u00f3n en febrero de una serie de ejercicios involucrando edificios de la ciudad de varios pisos, con el objetivo de ver la capacidad de respuesta y el alcance del equipamiento disponible.<\/p>\n<p>En esta primera fase no se tratar\u00e1 de simulacros, sino de ejercicios para comprobar v\u00edas de acceso, mejor posicionamiento de los equipos de rescate, y los de lucha contra incendio.<\/p>\n<p>No habr\u00e1, en cambio, simulaci\u00f3n de personas que requieran auxilio, personas afectadas por humo o llamas, corte de suministro de gas o electricidad o traslado de personas al hospital, entre otros aspectos que quedar\u00e1n para una fase posterior.<\/p>\n<p>\u201cPor razones de operatividad se deber\u00e1 cortar la calle donde se realice el ejercicio. Cuando se disponga del programa en firme, informaremos las calles, d\u00edas y el horario de corte de las mismas\u201d, se\u00f1alaron desde Defensa Civil. (http:\/\/www.enlacecritico.com).<\/p>\n","protected":false},"excerpt":{"rendered":"<p>En esta primera fase, que se realizar\u00e1 en febrero, no se tratar\u00e1 de simulacros, sino de ejercicios para comprobar v\u00edas de acceso, mejor posicionamiento de los equipos de rescate y los de lucha contra incendio. Bomberos Voluntarios y Defensa Civil de Campana programan en conjunto la realizaci\u00f3n en febrero de una serie de ejercicios involucrando [&hellip;]<\/p>\n","protected":false},"author":4,"featured_media":13194,"comment_status":"open","ping_status":"closed","sticky":false,"template":"","format":"standard","meta":{"om_disable_all_campaigns":false,"_jetpack_memberships_contains_paid_content":false,"footnotes":""},"categories":[621],"tags":[],"class_list":["post-13193","post","type-post","status-publish","format-standard","has-post-thumbnail","hentry","category-regionales"],"aioseo_notices":[],"gutentor_comment":0,"jetpack_featured_media_url":"https:\/\/eldiariodesanpedro.com.ar\/sitio\/wp-content\/uploads\/2017\/01\/Evaluar\u00e1n-los-edificios-altos-de-la-ciudad.jpg","jetpack_shortlink":"https:\/\/wp.me\/p6RhLt-3qN","jetpack_sharing_enabled":true,"_links":{"self":[{"href":"https:\/\/eldiariodesanpedro.com.ar\/sitio\/wp-json\/wp\/v2\/posts\/13193","targetHints":{"allow":["GET"]}}],"collection":[{"href":"https:\/\/eldiariodesanpedro.com.ar\/sitio\/wp-json\/wp\/v2\/posts"}],"about":[{"href":"https:\/\/eldiariodesanpedro.com.ar\/sitio\/wp-json\/wp\/v2\/types\/post"}],"author":[{"embeddable":true,"href":"https:\/\/eldiariodesanpedro.com.ar\/sitio\/wp-json\/wp\/v2\/users\/4"}],"replies":[{"embeddable":true,"href":"https:\/\/eldiariodesanpedro.com.ar\/sitio\/wp-json\/wp\/v2\/comments?post=13193"}],"version-history":[{"count":1,"href":"https:\/\/eldiariodesanpedro.com.ar\/sitio\/wp-json\/wp\/v2\/posts\/13193\/revisions"}],"predecessor-version":[{"id":13195,"href":"https:\/\/eldiariodesanpedro.com.ar\/sitio\/wp-json\/wp\/v2\/posts\/13193\/revisions\/13195"}],"wp:featuredmedia":[{"embeddable":true,"href":"https:\/\/eldiariodesanpedro.com.ar\/sitio\/wp-json\/wp\/v2\/media\/13194"}],"wp:attachment":[{"href":"https:\/\/eldiariodesanpedro.com.ar\/sitio\/wp-json\/wp\/v2\/media?parent=13193"}],"wp:term":[{"taxonomy":"category","embeddable":true,"href":"https:\/\/eldiariodesanpedro.com.ar\/sitio\/wp-json\/wp\/v2\/categories?post=13193"},{"taxonomy":"post_tag","embeddable":true,"href":"https:\/\/eldiariodesanpedro.com.ar\/sitio\/wp-json\/wp\/v2\/tags?post=13193"}],"curies":[{"name":"wp","href":"https:\/\/api.w.org\/{rel}","templated":true}]}}