{"id":13190,"date":"2017-01-20T20:55:44","date_gmt":"2017-01-20T23:55:44","guid":{"rendered":"https:\/\/eldiariodesanpedro.com.ar\/sitio\/?p=13190"},"modified":"2017-01-20T20:55:44","modified_gmt":"2017-01-20T23:55:44","slug":"baradero-se-fugaron-dos-presos-de-la-unidad-penal-no-11","status":"publish","type":"post","link":"https:\/\/eldiariodesanpedro.com.ar\/sitio\/baradero-se-fugaron-dos-presos-de-la-unidad-penal-no-11\/","title":{"rendered":"BARADERO: Se fugaron dos presos de la Unidad Penal N\u00ba 11"},"content":{"rendered":"<p><!-- VideographyWP Plugin Message: Automatic video embedding prevented by plugin options. --><br \/>\nEn la ma\u00f1ana de hoy, aproximadamente a las 08.20 se fugaron estos dos internos de la Unidad Penal N\u00ba 11. Ambos presos son de la zona de Moreno, y de acuerdo a fuentes confiables, lo hicieron en un Fiat Uno color Gris que los estaba esperando en el exterior.<\/p>\n<p>La Unidad Penal N\u00ba 11 pertenece al servicio penitenciario de la Provincia de Bs. As. Y su r\u00e9gimen es abierto, es decir que los internos que llegan aqu\u00ed est\u00e1n en la \u00faltima instancia previa a la libertad.<\/p>\n<p>Los fugados, si son recapturados pierden todos los beneficios obtenidos y vuelven al r\u00e9gimen cerrado. Se han montado diferentes operativos en caminos y rutas para tratar de interceptarlos pero hasta el momento no se pudo dar con ellos.<\/p>\n<p>Lamentablemente, no hay informaci\u00f3n oficial ya que las autoridades del penal tienen prohibido informar a la prensa sobre estos incidentes, algo incomprensible teniendo en cuenta la cercan\u00eda de la c\u00e1rcel con la ciudad y al riesgo que exponen a los ciudadanos al desconocer oficialmente este tipo de situaciones.<\/p>\n","protected":false},"excerpt":{"rendered":"<p>En la ma\u00f1ana de hoy, aproximadamente a las 08.20 se fugaron estos dos internos de la Unidad Penal N\u00ba 11. Ambos presos son de la zona de Moreno, y de acuerdo a fuentes confiables, lo hicieron en un Fiat Uno color Gris que los estaba esperando en el exterior. La Unidad Penal N\u00ba 11 pertenece [&hellip;]<\/p>\n","protected":false},"author":4,"featured_media":13191,"comment_status":"open","ping_status":"closed","sticky":false,"template":"","format":"standard","meta":{"om_disable_all_campaigns":false,"_jetpack_memberships_contains_paid_content":false,"footnotes":""},"categories":[621],"tags":[],"class_list":["post-13190","post","type-post","status-publish","format-standard","has-post-thumbnail","hentry","category-regionales"],"aioseo_notices":[],"gutentor_comment":0,"jetpack_featured_media_url":"https:\/\/eldiariodesanpedro.com.ar\/sitio\/wp-content\/uploads\/2017\/01\/Los-delincuentes-que-son-buscados..jpg","jetpack_shortlink":"https:\/\/wp.me\/p6RhLt-3qK","jetpack_sharing_enabled":true,"_links":{"self":[{"href":"https:\/\/eldiariodesanpedro.com.ar\/sitio\/wp-json\/wp\/v2\/posts\/13190","targetHints":{"allow":["GET"]}}],"collection":[{"href":"https:\/\/eldiariodesanpedro.com.ar\/sitio\/wp-json\/wp\/v2\/posts"}],"about":[{"href":"https:\/\/eldiariodesanpedro.com.ar\/sitio\/wp-json\/wp\/v2\/types\/post"}],"author":[{"embeddable":true,"href":"https:\/\/eldiariodesanpedro.com.ar\/sitio\/wp-json\/wp\/v2\/users\/4"}],"replies":[{"embeddable":true,"href":"https:\/\/eldiariodesanpedro.com.ar\/sitio\/wp-json\/wp\/v2\/comments?post=13190"}],"version-history":[{"count":1,"href":"https:\/\/eldiariodesanpedro.com.ar\/sitio\/wp-json\/wp\/v2\/posts\/13190\/revisions"}],"predecessor-version":[{"id":13192,"href":"https:\/\/eldiariodesanpedro.com.ar\/sitio\/wp-json\/wp\/v2\/posts\/13190\/revisions\/13192"}],"wp:featuredmedia":[{"embeddable":true,"href":"https:\/\/eldiariodesanpedro.com.ar\/sitio\/wp-json\/wp\/v2\/media\/13191"}],"wp:attachment":[{"href":"https:\/\/eldiariodesanpedro.com.ar\/sitio\/wp-json\/wp\/v2\/media?parent=13190"}],"wp:term":[{"taxonomy":"category","embeddable":true,"href":"https:\/\/eldiariodesanpedro.com.ar\/sitio\/wp-json\/wp\/v2\/categories?post=13190"},{"taxonomy":"post_tag","embeddable":true,"href":"https:\/\/eldiariodesanpedro.com.ar\/sitio\/wp-json\/wp\/v2\/tags?post=13190"}],"curies":[{"name":"wp","href":"https:\/\/api.w.org\/{rel}","templated":true}]}}