{"id":13187,"date":"2017-01-20T20:53:43","date_gmt":"2017-01-20T23:53:43","guid":{"rendered":"https:\/\/eldiariodesanpedro.com.ar\/sitio\/?p=13187"},"modified":"2026-01-24T00:39:13","modified_gmt":"2026-01-24T03:39:13","slug":"operaron-a-hernan-santi-tras-el-accidente-en-cro-gral-belgrano-y-ruta-1001","status":"publish","type":"post","link":"https:\/\/eldiariodesanpedro.com.ar\/sitio\/operaron-a-hernan-santi-tras-el-accidente-en-cro-gral-belgrano-y-ruta-1001\/","title":{"rendered":"Operaron a Hern\u00e1n Santi tras el accidente en Cro. Gral. Belgrano y Ruta 1001"},"content":{"rendered":"<p><!-- VideographyWP Plugin Message: Automatic video embedding prevented by plugin options. --><br \/>\nEl joven sampedrino que se encuentra internado en el Sanatorio Otamendi tras protagonizar un accidente fue operado y se encuentra en Terapia Intensiva.<\/p>\n<p>Santi fue sometido a una cirug\u00eda en el codo del brazo derecho, le colocaron un tutor externo en la pierna izquierda que presentaba fractura expuesta. \u00abEsto es en primera instancia, m\u00e1s adelante le colocar\u00e1n uno interno. \u00c9l est\u00e1 bien, de buen \u00e1nimo, estable, siempre estuvo l\u00facido, consciente, muy controlado para evitar que tenga fuerte dolores\u00bb, cont\u00f3 un familiar muy cercano. Le hicieron un neumot\u00f3rax debido a la contusi\u00f3n pulmonar para sacarle la sangre acumulada, lesi\u00f3n provocada por la rotura de dos costillas.<\/p>\n<p>Por el momento continuar\u00e1 en Terapia Intensiva y estiman que en los pr\u00f3ximos d\u00edas lo pasar\u00e1n a sala com\u00fan.<br \/>\nCabe recordar, que Hern\u00e1n Santi protagoniz\u00f3 un accidente el pasado martes contra un cami\u00f3n, que se dirig\u00eda por ruta 1001 a la zona portuaria.<\/p>\n","protected":false},"excerpt":{"rendered":"<p>El joven sampedrino que se encuentra internado en el Sanatorio Otamendi tras protagonizar un accidente fue operado y se encuentra en Terapia Intensiva. Santi fue sometido a una cirug\u00eda en el codo del brazo derecho, le colocaron un tutor externo en la pierna izquierda que presentaba fractura expuesta. \u00abEsto es en primera instancia, m\u00e1s adelante [&hellip;]<\/p>\n","protected":false},"author":4,"featured_media":13188,"comment_status":"open","ping_status":"closed","sticky":false,"template":"","format":"standard","meta":{"om_disable_all_campaigns":false,"_jetpack_memberships_contains_paid_content":false,"footnotes":""},"categories":[2],"tags":[],"class_list":["post-13187","post","type-post","status-publish","format-standard","has-post-thumbnail","hentry","category-locales"],"aioseo_notices":[],"gutentor_comment":0,"jetpack_featured_media_url":"https:\/\/eldiariodesanpedro.com.ar\/sitio\/wp-content\/uploads\/2017\/01\/Operaron-a-Hern\u00e1n-Santi-en-el-sanatorio-Otamendi.jpg","jetpack_shortlink":"https:\/\/wp.me\/p6RhLt-3qH","jetpack_sharing_enabled":true,"_links":{"self":[{"href":"https:\/\/eldiariodesanpedro.com.ar\/sitio\/wp-json\/wp\/v2\/posts\/13187","targetHints":{"allow":["GET"]}}],"collection":[{"href":"https:\/\/eldiariodesanpedro.com.ar\/sitio\/wp-json\/wp\/v2\/posts"}],"about":[{"href":"https:\/\/eldiariodesanpedro.com.ar\/sitio\/wp-json\/wp\/v2\/types\/post"}],"author":[{"embeddable":true,"href":"https:\/\/eldiariodesanpedro.com.ar\/sitio\/wp-json\/wp\/v2\/users\/4"}],"replies":[{"embeddable":true,"href":"https:\/\/eldiariodesanpedro.com.ar\/sitio\/wp-json\/wp\/v2\/comments?post=13187"}],"version-history":[{"count":1,"href":"https:\/\/eldiariodesanpedro.com.ar\/sitio\/wp-json\/wp\/v2\/posts\/13187\/revisions"}],"predecessor-version":[{"id":13189,"href":"https:\/\/eldiariodesanpedro.com.ar\/sitio\/wp-json\/wp\/v2\/posts\/13187\/revisions\/13189"}],"wp:featuredmedia":[{"embeddable":true,"href":"https:\/\/eldiariodesanpedro.com.ar\/sitio\/wp-json\/wp\/v2\/media\/13188"}],"wp:attachment":[{"href":"https:\/\/eldiariodesanpedro.com.ar\/sitio\/wp-json\/wp\/v2\/media?parent=13187"}],"wp:term":[{"taxonomy":"category","embeddable":true,"href":"https:\/\/eldiariodesanpedro.com.ar\/sitio\/wp-json\/wp\/v2\/categories?post=13187"},{"taxonomy":"post_tag","embeddable":true,"href":"https:\/\/eldiariodesanpedro.com.ar\/sitio\/wp-json\/wp\/v2\/tags?post=13187"}],"curies":[{"name":"wp","href":"https:\/\/api.w.org\/{rel}","templated":true}]}}