{"id":13184,"date":"2017-01-20T20:51:09","date_gmt":"2017-01-20T23:51:09","guid":{"rendered":"https:\/\/eldiariodesanpedro.com.ar\/sitio\/?p=13184"},"modified":"2017-01-20T20:51:09","modified_gmt":"2017-01-20T23:51:09","slug":"el-excomisario-aguero-sera-el-director-de-coordinacion-policial","status":"publish","type":"post","link":"https:\/\/eldiariodesanpedro.com.ar\/sitio\/el-excomisario-aguero-sera-el-director-de-coordinacion-policial\/","title":{"rendered":"El excomisario Ag\u00fcero ser\u00e1 el director de Coordinaci\u00f3n Policial"},"content":{"rendered":"<p><!-- VideographyWP Plugin Message: Automatic video embedding prevented by plugin options. --><br \/>\nLa idea es que el nuevo funcionario colabore con Eduardo Roleri en la Secretar\u00eda de Seguridad P\u00fablica como director de Coordinaci\u00f3n Policial, aportando su experiencia tras haber formado parte de la Polic\u00eda Bonaerense.<\/p>\n<p>Cabe destacar que se trata de una nueva Direcci\u00f3n que ya estaba creada en el organigrama municipal, aprobado por el HCD.<\/p>\n<p>El Jefe Comunal mantuvo una reuni\u00f3n por la tarde con Ag\u00fcero, donde acept\u00f3 la propuesta. Luego de ello confirm\u00f3: \u201cTuve una charla muy interesante con Ag\u00fcero, lo vamos a incorporar al equipo de trabajo fundamentalmente en el \u00e1rea de seguridad\u201d.<\/p>\n<p>Y agreg\u00f3: \u201cQuiero aclarar que no viene en reemplazo de Roleri porque ya se corre la bolilla\u201d.<\/p>\n<p>Por \u00faltimo el mandatario sostuvo: \u201cSabemos las tareas que ha desarrollado en San Pedro y me interesa much\u00edsimo el aporte que pueda hacer en el tema seguridad\u201d.<\/p>\n<p>El excomisario Mayor estuvo a cargo por varios a\u00f1os de la polic\u00eda de Chivilcoy y en nuestra ciudad se desempe\u00f1\u00f3 como segundo jefe de la comisar\u00eda en tiempos de Britos.<\/p>\n","protected":false},"excerpt":{"rendered":"<p>La idea es que el nuevo funcionario colabore con Eduardo Roleri en la Secretar\u00eda de Seguridad P\u00fablica como director de Coordinaci\u00f3n Policial, aportando su experiencia tras haber formado parte de la Polic\u00eda Bonaerense. Cabe destacar que se trata de una nueva Direcci\u00f3n que ya estaba creada en el organigrama municipal, aprobado por el HCD. El [&hellip;]<\/p>\n","protected":false},"author":4,"featured_media":13185,"comment_status":"open","ping_status":"closed","sticky":false,"template":"","format":"standard","meta":{"om_disable_all_campaigns":false,"_jetpack_memberships_contains_paid_content":false,"footnotes":""},"categories":[50,2,102],"tags":[],"class_list":["post-13184","post","type-post","status-publish","format-standard","has-post-thumbnail","hentry","category-destacadas","category-locales","category-politica-locales"],"aioseo_notices":[],"gutentor_comment":0,"jetpack_featured_media_url":"https:\/\/eldiariodesanpedro.com.ar\/sitio\/wp-content\/uploads\/2017\/01\/Ag\u00fcero-coordinar\u00e1-la-polic\u00eda-local.jpg","jetpack_shortlink":"https:\/\/wp.me\/p6RhLt-3qE","jetpack_sharing_enabled":true,"_links":{"self":[{"href":"https:\/\/eldiariodesanpedro.com.ar\/sitio\/wp-json\/wp\/v2\/posts\/13184","targetHints":{"allow":["GET"]}}],"collection":[{"href":"https:\/\/eldiariodesanpedro.com.ar\/sitio\/wp-json\/wp\/v2\/posts"}],"about":[{"href":"https:\/\/eldiariodesanpedro.com.ar\/sitio\/wp-json\/wp\/v2\/types\/post"}],"author":[{"embeddable":true,"href":"https:\/\/eldiariodesanpedro.com.ar\/sitio\/wp-json\/wp\/v2\/users\/4"}],"replies":[{"embeddable":true,"href":"https:\/\/eldiariodesanpedro.com.ar\/sitio\/wp-json\/wp\/v2\/comments?post=13184"}],"version-history":[{"count":1,"href":"https:\/\/eldiariodesanpedro.com.ar\/sitio\/wp-json\/wp\/v2\/posts\/13184\/revisions"}],"predecessor-version":[{"id":13186,"href":"https:\/\/eldiariodesanpedro.com.ar\/sitio\/wp-json\/wp\/v2\/posts\/13184\/revisions\/13186"}],"wp:featuredmedia":[{"embeddable":true,"href":"https:\/\/eldiariodesanpedro.com.ar\/sitio\/wp-json\/wp\/v2\/media\/13185"}],"wp:attachment":[{"href":"https:\/\/eldiariodesanpedro.com.ar\/sitio\/wp-json\/wp\/v2\/media?parent=13184"}],"wp:term":[{"taxonomy":"category","embeddable":true,"href":"https:\/\/eldiariodesanpedro.com.ar\/sitio\/wp-json\/wp\/v2\/categories?post=13184"},{"taxonomy":"post_tag","embeddable":true,"href":"https:\/\/eldiariodesanpedro.com.ar\/sitio\/wp-json\/wp\/v2\/tags?post=13184"}],"curies":[{"name":"wp","href":"https:\/\/api.w.org\/{rel}","templated":true}]}}