{"id":13181,"date":"2017-01-20T20:48:43","date_gmt":"2017-01-20T23:48:43","guid":{"rendered":"https:\/\/eldiariodesanpedro.com.ar\/sitio\/?p=13181"},"modified":"2017-01-20T20:48:43","modified_gmt":"2017-01-20T23:48:43","slug":"san-pedro-sera-sede-de-la-conformacion-de-la-mesa-del-frente-cambiemos-de-la-segunda-seccion-electoral","status":"publish","type":"post","link":"https:\/\/eldiariodesanpedro.com.ar\/sitio\/san-pedro-sera-sede-de-la-conformacion-de-la-mesa-del-frente-cambiemos-de-la-segunda-seccion-electoral\/","title":{"rendered":"San Pedro ser\u00e1 sede de la conformaci\u00f3n de la Mesa del Frente Cambiemos de la segunda secci\u00f3n electoral"},"content":{"rendered":"<p><!-- VideographyWP Plugin Message: Automatic video embedding prevented by plugin options. --><br \/>\nEl evento que agrupar\u00e1 a autoridades provinciales e intendentes de la Segunda Secci\u00f3n Electoral se llevar\u00e1 a cabo la semana que viene en nuestra ciudad.<\/p>\n<p>En esta oportunidad le tocar\u00e1 a Salazar ser el anfitri\u00f3n y est\u00e1n invitados a participar los jefes comunales Javier Mart\u00ednez (Pergamino), Fernanda Antonijevic (Baradero), Claudio Rossi (Rojas) y Javier Olaeta (Arrecifes), representantes del PRO, de la UCR, Coalici\u00f3n C\u00edvica y del Partido FE de los 15 distritos que componen la secci\u00f3n.<\/p>\n<p>\u201cMe llam\u00f3 el vicegobernador antes de ayer, y ayer me llam\u00f3 Manuel Mosca, que es el vicepresidente de la C\u00e1mara de Diputados, que van a estar el d\u00eda martes 24 a las 11.00 haciendo el acto ac\u00e1\u201d dijo Salazar. \u201cY me dijeron desde el Ministerio de Seguridad que es muy probable que venga Ritondo\u201d.<\/p>\n<p>La jornada tiene como objetivo continuar la agenda conjunta de trabajo. En la anterior realizada en Pergamino, los dirigentes coincidieron en que esta metodolog\u00eda es ideal para planificar pol\u00edticas en com\u00fan, resulta de vital importancia para la regi\u00f3n.<\/p>\n","protected":false},"excerpt":{"rendered":"<p>El evento que agrupar\u00e1 a autoridades provinciales e intendentes de la Segunda Secci\u00f3n Electoral se llevar\u00e1 a cabo la semana que viene en nuestra ciudad. En esta oportunidad le tocar\u00e1 a Salazar ser el anfitri\u00f3n y est\u00e1n invitados a participar los jefes comunales Javier Mart\u00ednez (Pergamino), Fernanda Antonijevic (Baradero), Claudio Rossi (Rojas) y Javier Olaeta [&hellip;]<\/p>\n","protected":false},"author":4,"featured_media":13182,"comment_status":"open","ping_status":"closed","sticky":false,"template":"","format":"standard","meta":{"om_disable_all_campaigns":false,"_jetpack_memberships_contains_paid_content":false,"footnotes":""},"categories":[2,102],"tags":[],"class_list":["post-13181","post","type-post","status-publish","format-standard","has-post-thumbnail","hentry","category-locales","category-politica-locales"],"aioseo_notices":[],"gutentor_comment":0,"jetpack_featured_media_url":"https:\/\/eldiariodesanpedro.com.ar\/sitio\/wp-content\/uploads\/2017\/01\/Referentes-de-Cambiemos-se-reunen-en-nuestra-ciudad.jpg","jetpack_shortlink":"https:\/\/wp.me\/p6RhLt-3qB","jetpack_sharing_enabled":true,"_links":{"self":[{"href":"https:\/\/eldiariodesanpedro.com.ar\/sitio\/wp-json\/wp\/v2\/posts\/13181","targetHints":{"allow":["GET"]}}],"collection":[{"href":"https:\/\/eldiariodesanpedro.com.ar\/sitio\/wp-json\/wp\/v2\/posts"}],"about":[{"href":"https:\/\/eldiariodesanpedro.com.ar\/sitio\/wp-json\/wp\/v2\/types\/post"}],"author":[{"embeddable":true,"href":"https:\/\/eldiariodesanpedro.com.ar\/sitio\/wp-json\/wp\/v2\/users\/4"}],"replies":[{"embeddable":true,"href":"https:\/\/eldiariodesanpedro.com.ar\/sitio\/wp-json\/wp\/v2\/comments?post=13181"}],"version-history":[{"count":1,"href":"https:\/\/eldiariodesanpedro.com.ar\/sitio\/wp-json\/wp\/v2\/posts\/13181\/revisions"}],"predecessor-version":[{"id":13183,"href":"https:\/\/eldiariodesanpedro.com.ar\/sitio\/wp-json\/wp\/v2\/posts\/13181\/revisions\/13183"}],"wp:featuredmedia":[{"embeddable":true,"href":"https:\/\/eldiariodesanpedro.com.ar\/sitio\/wp-json\/wp\/v2\/media\/13182"}],"wp:attachment":[{"href":"https:\/\/eldiariodesanpedro.com.ar\/sitio\/wp-json\/wp\/v2\/media?parent=13181"}],"wp:term":[{"taxonomy":"category","embeddable":true,"href":"https:\/\/eldiariodesanpedro.com.ar\/sitio\/wp-json\/wp\/v2\/categories?post=13181"},{"taxonomy":"post_tag","embeddable":true,"href":"https:\/\/eldiariodesanpedro.com.ar\/sitio\/wp-json\/wp\/v2\/tags?post=13181"}],"curies":[{"name":"wp","href":"https:\/\/api.w.org\/{rel}","templated":true}]}}