{"id":13177,"date":"2017-01-20T20:45:43","date_gmt":"2017-01-20T23:45:43","guid":{"rendered":"https:\/\/eldiariodesanpedro.com.ar\/sitio\/?p=13177"},"modified":"2017-01-20T20:45:43","modified_gmt":"2017-01-20T23:45:43","slug":"reparacion-del-camino-a-la-buena-moza","status":"publish","type":"post","link":"https:\/\/eldiariodesanpedro.com.ar\/sitio\/reparacion-del-camino-a-la-buena-moza\/","title":{"rendered":"Reparaci\u00f3n del camino a La Buena Moza"},"content":{"rendered":"<p><!-- VideographyWP Plugin Message: Automatic video embedding prevented by plugin options. --><br \/>\nAgentes municipales que se desempe\u00f1an en el \u00e1rea de Servicios P\u00fablicos realizaron las tareas en el camino rural que une nuestra ciudad con el paraje. All\u00ed se coloc\u00f3 material de RAP que proporcionar\u00e1 una capa m\u00e1s firme de la calzada, sobre todo los d\u00edas de lluvia. <\/p>\n<p>\u201cLos caminos rurales son las v\u00edas de comunicaci\u00f3n entre nuestros vecinos que d\u00eda a d\u00eda los utilizan para trabajar, estudiar o producir, y cada jornada con mal tiempo los transforma es un obst\u00e1culo con el que deben lidiar, por eso su mantenimiento es fundamental para garantizar el libre tr\u00e1nsito\u201d, informaron desde prensa de la Municipalidad de San Pedro.<\/p>\n<p>En tanto que en el comunicado expresaron tambi\u00e9n: \u201cDurante esta semana un equipo de obras p\u00fablicas se encuentra reparando el ingreso al paraje La Buena Moza, que hace posible la conexi\u00f3n entre la ruta nueve y la localidad en los d\u00edas de lluvia, esta mejora se est\u00e1 realizando con asfalto recuperado RAP, garantizando con este producto la durabilidad del camino\u201d.<\/p>\n<p>Y agregan: \u201cEste kil\u00f3metro y medio que une a los vecinos con la autopista es de vital importancia, ya que permite el ingreso y egreso de los veh\u00edculos en d\u00edas lluviosos\u201d.<\/p>\n","protected":false},"excerpt":{"rendered":"<p>Agentes municipales que se desempe\u00f1an en el \u00e1rea de Servicios P\u00fablicos realizaron las tareas en el camino rural que une nuestra ciudad con el paraje. All\u00ed se coloc\u00f3 material de RAP que proporcionar\u00e1 una capa m\u00e1s firme de la calzada, sobre todo los d\u00edas de lluvia. \u201cLos caminos rurales son las v\u00edas de comunicaci\u00f3n entre [&hellip;]<\/p>\n","protected":false},"author":4,"featured_media":13178,"comment_status":"open","ping_status":"closed","sticky":false,"template":"","format":"standard","meta":{"om_disable_all_campaigns":false,"_jetpack_memberships_contains_paid_content":false,"footnotes":""},"categories":[101,2],"tags":[],"class_list":["post-13177","post","type-post","status-publish","format-standard","has-post-thumbnail","hentry","category-interes-general-locales","category-locales"],"aioseo_notices":[],"gutentor_comment":1,"jetpack_featured_media_url":"https:\/\/eldiariodesanpedro.com.ar\/sitio\/wp-content\/uploads\/2017\/01\/camino-a-la-buena-moza.jpeg","jetpack_shortlink":"https:\/\/wp.me\/p6RhLt-3qx","jetpack_sharing_enabled":true,"_links":{"self":[{"href":"https:\/\/eldiariodesanpedro.com.ar\/sitio\/wp-json\/wp\/v2\/posts\/13177","targetHints":{"allow":["GET"]}}],"collection":[{"href":"https:\/\/eldiariodesanpedro.com.ar\/sitio\/wp-json\/wp\/v2\/posts"}],"about":[{"href":"https:\/\/eldiariodesanpedro.com.ar\/sitio\/wp-json\/wp\/v2\/types\/post"}],"author":[{"embeddable":true,"href":"https:\/\/eldiariodesanpedro.com.ar\/sitio\/wp-json\/wp\/v2\/users\/4"}],"replies":[{"embeddable":true,"href":"https:\/\/eldiariodesanpedro.com.ar\/sitio\/wp-json\/wp\/v2\/comments?post=13177"}],"version-history":[{"count":1,"href":"https:\/\/eldiariodesanpedro.com.ar\/sitio\/wp-json\/wp\/v2\/posts\/13177\/revisions"}],"predecessor-version":[{"id":13179,"href":"https:\/\/eldiariodesanpedro.com.ar\/sitio\/wp-json\/wp\/v2\/posts\/13177\/revisions\/13179"}],"wp:featuredmedia":[{"embeddable":true,"href":"https:\/\/eldiariodesanpedro.com.ar\/sitio\/wp-json\/wp\/v2\/media\/13178"}],"wp:attachment":[{"href":"https:\/\/eldiariodesanpedro.com.ar\/sitio\/wp-json\/wp\/v2\/media?parent=13177"}],"wp:term":[{"taxonomy":"category","embeddable":true,"href":"https:\/\/eldiariodesanpedro.com.ar\/sitio\/wp-json\/wp\/v2\/categories?post=13177"},{"taxonomy":"post_tag","embeddable":true,"href":"https:\/\/eldiariodesanpedro.com.ar\/sitio\/wp-json\/wp\/v2\/tags?post=13177"}],"curies":[{"name":"wp","href":"https:\/\/api.w.org\/{rel}","templated":true}]}}