{"id":13174,"date":"2017-01-20T20:42:39","date_gmt":"2017-01-20T23:42:39","guid":{"rendered":"https:\/\/eldiariodesanpedro.com.ar\/sitio\/?p=13174"},"modified":"2017-01-20T20:42:39","modified_gmt":"2017-01-20T23:42:39","slug":"este-fin-de-semana-se-hara-escenario-abierto-en-el-via-crucis","status":"publish","type":"post","link":"https:\/\/eldiariodesanpedro.com.ar\/sitio\/este-fin-de-semana-se-hara-escenario-abierto-en-el-via-crucis\/","title":{"rendered":"Este fin de semana se har\u00e1 \u201cEscenario Abierto\u201d en el V\u00eda Crucis"},"content":{"rendered":"<p><!-- VideographyWP Plugin Message: Automatic video embedding prevented by plugin options. --><br \/>\nEl evento, organizado por la Direcci\u00f3n de Cultura de la Municipalidad de San Pedro, se realizar\u00e1 el pr\u00f3ximo 22 de enero a partir de las 18.30 hs. En V\u00eda Crucis. En forma libre y gratuita, se presentar\u00e1n el domingo pr\u00f3ximo: King Bee, Brian V\u00e1zquez y Madreperla.<\/p>\n<p>Cabe destacar que ese mismo fin de semana, en el marco de actividades culturales, se dar\u00e1 comienzo al ciclo \u201cCine bajo las estrellas\u201d tambi\u00e9n en ese espacio p\u00fablico. Est\u00e1 previsto que se desarrolle hasta el 18 de febrero y en esta oportunidad se proyectar\u00e1 la pel\u00edcula de Juan Taratuto \u201cMe cas\u00e9 con un Boludo\u201d, estrenada en 2016.<\/p>\n<p>El film, que bati\u00f3 r\u00e9cords hist\u00f3ricos, est\u00e1 interpretado por Adri\u00e1n Suar y Valeria Bertucelli, una dupla que conquista a los espectadores.<\/p>\n","protected":false},"excerpt":{"rendered":"<p>El evento, organizado por la Direcci\u00f3n de Cultura de la Municipalidad de San Pedro, se realizar\u00e1 el pr\u00f3ximo 22 de enero a partir de las 18.30 hs. En V\u00eda Crucis. En forma libre y gratuita, se presentar\u00e1n el domingo pr\u00f3ximo: King Bee, Brian V\u00e1zquez y Madreperla. Cabe destacar que ese mismo fin de semana, en [&hellip;]<\/p>\n","protected":false},"author":4,"featured_media":13175,"comment_status":"open","ping_status":"closed","sticky":false,"template":"","format":"standard","meta":{"om_disable_all_campaigns":false,"_jetpack_memberships_contains_paid_content":false,"footnotes":""},"categories":[101,2],"tags":[],"class_list":["post-13174","post","type-post","status-publish","format-standard","has-post-thumbnail","hentry","category-interes-general-locales","category-locales"],"aioseo_notices":[],"gutentor_comment":0,"jetpack_featured_media_url":"https:\/\/eldiariodesanpedro.com.ar\/sitio\/wp-content\/uploads\/2017\/01\/escenario-abierto.jpg","jetpack_shortlink":"https:\/\/wp.me\/p6RhLt-3qu","jetpack_sharing_enabled":true,"_links":{"self":[{"href":"https:\/\/eldiariodesanpedro.com.ar\/sitio\/wp-json\/wp\/v2\/posts\/13174","targetHints":{"allow":["GET"]}}],"collection":[{"href":"https:\/\/eldiariodesanpedro.com.ar\/sitio\/wp-json\/wp\/v2\/posts"}],"about":[{"href":"https:\/\/eldiariodesanpedro.com.ar\/sitio\/wp-json\/wp\/v2\/types\/post"}],"author":[{"embeddable":true,"href":"https:\/\/eldiariodesanpedro.com.ar\/sitio\/wp-json\/wp\/v2\/users\/4"}],"replies":[{"embeddable":true,"href":"https:\/\/eldiariodesanpedro.com.ar\/sitio\/wp-json\/wp\/v2\/comments?post=13174"}],"version-history":[{"count":1,"href":"https:\/\/eldiariodesanpedro.com.ar\/sitio\/wp-json\/wp\/v2\/posts\/13174\/revisions"}],"predecessor-version":[{"id":13176,"href":"https:\/\/eldiariodesanpedro.com.ar\/sitio\/wp-json\/wp\/v2\/posts\/13174\/revisions\/13176"}],"wp:featuredmedia":[{"embeddable":true,"href":"https:\/\/eldiariodesanpedro.com.ar\/sitio\/wp-json\/wp\/v2\/media\/13175"}],"wp:attachment":[{"href":"https:\/\/eldiariodesanpedro.com.ar\/sitio\/wp-json\/wp\/v2\/media?parent=13174"}],"wp:term":[{"taxonomy":"category","embeddable":true,"href":"https:\/\/eldiariodesanpedro.com.ar\/sitio\/wp-json\/wp\/v2\/categories?post=13174"},{"taxonomy":"post_tag","embeddable":true,"href":"https:\/\/eldiariodesanpedro.com.ar\/sitio\/wp-json\/wp\/v2\/tags?post=13174"}],"curies":[{"name":"wp","href":"https:\/\/api.w.org\/{rel}","templated":true}]}}