{"id":131713,"date":"2024-08-10T09:55:35","date_gmt":"2024-08-10T12:55:35","guid":{"rendered":"https:\/\/eldiariodesanpedro.com.ar\/sitio\/?p=131713"},"modified":"2024-08-10T09:55:40","modified_gmt":"2024-08-10T12:55:40","slug":"asamblea-anual-ordinaria-de-la-asociacion-circulo-medico-de-san-pedro-4","status":"publish","type":"post","link":"https:\/\/eldiariodesanpedro.com.ar\/sitio\/asamblea-anual-ordinaria-de-la-asociacion-circulo-medico-de-san-pedro-4\/","title":{"rendered":"Asamblea Anual Ordinaria de la Asociaci\u00f3n Circulo Medico de San Pedro"},"content":{"rendered":"<!-- VideographyWP Plugin Message: Automatic video embedding prevented by plugin options. -->\n\n<p>LA ASOCIACION CIRCULO MEDICO DE SAN PEDRO tiene el agrado de invitar a sus asociados a la ASAMBLEA ANUAL ORDINARIA que se llevara a cabo en el local de la Entidad calle G\u00fcemes 48, el d\u00eda 27 de agosto de 2024, a las 20.00 hs. en primera citaci\u00f3n y 20.30 hs. en segunda con el siguiente:<\/p>\n\n\n\n<p class=\"has-text-align-center\">ORDEN DEL DIA<\/p>\n\n\n\n<ol class=\"wp-block-list\">\n<li>Designaci\u00f3n de dos Asambleistas para firmar el acta conjuntamente con el Sr. Presidente.<\/li>\n\n\n\n<li>Lectura y consideraci\u00f3n de la Memoria y aprobaci\u00f3n del Balance del ejercicio comprendido entre el 1 de Junio de 2023 al 31 de Mayo de 2024.<\/li>\n\n\n\n<li>Renovaci\u00f3n de Autoridades y elecci\u00f3n de los siguientes cargos:<br>Vicepresidente por dos a\u00f1os en reemplazo del Dr. Gutierrez Carlos por terminaci\u00f3n de su mandato.<br>Secretario por dos a\u00f1os en reemplazo del Dr. Carzino Carlos por terminaci\u00f3n de su mandato.<br>Pro Tesorero por dos a\u00f1os en reemplazo del Dr. Orso Mart\u00edn por terminaci\u00f3n su mandato.<br>Vocal primero por dos a\u00f1os en reemplazo del Dr. Wagner Gustavo por terminaci\u00f3n de su mandato.<br>Revisores de cuentas en reemplazo de los Dres. Gerini Mario y Sancho Guillermo.<\/li>\n\n\n\n<li>Aprobaci\u00f3n de la gesti\u00f3n de la Comisi\u00f3n Directiva.<\/li>\n\n\n\n<li>Nuevos ingresos.<\/li>\n<\/ol>\n\n\n\n<p>Se informa con relaci\u00f3n al punto 4 que la presentaci\u00f3n de listas se recibir\u00e1 hasta 5 d\u00edas antes de la fecha fijada para la Asamblea seg\u00fan Estatuto.<br>Para la primera convocatoria, es necesario un qu\u00f3rum de m\u00e1s de la mitad de los asociados con derecho a voto y en segunda convocatoria la asamblea se realiza con cualquier n\u00famero de socios presentes siempre que sea mayor que el de los miembros de la Comisi\u00f3n Directiva.<\/p>\n\n\n\n<p>Dr. Carzino Carlos &#8211; Secretario<br>Dra. Dold\u00e1n Liliana &#8211; Presidente<\/p>\n","protected":false},"excerpt":{"rendered":"<p>LA ASOCIACION CIRCULO MEDICO DE SAN PEDRO tiene el agrado de invitar a sus asociados a la ASAMBLEA ANUAL ORDINARIA que se llevara a cabo en el local de la Entidad calle G\u00fcemes 48, el d\u00eda 27 de agosto de 2024, a las 20.00 hs. en primera citaci\u00f3n y 20.30 hs. en segunda con el [&hellip;]<\/p>\n","protected":false},"author":4,"featured_media":122782,"comment_status":"closed","ping_status":"closed","sticky":false,"template":"","format":"standard","meta":{"om_disable_all_campaigns":false,"_jetpack_memberships_contains_paid_content":false,"footnotes":""},"categories":[678,676],"tags":[2269],"class_list":["post-131713","post","type-post","status-publish","format-standard","has-post-thumbnail","hentry","category-convocatorias","category-edictos","tag-asamblea-anual-ordinaria-de-la-asociacion-circulo-medico-de-san-pedro"],"aioseo_notices":[],"gutentor_comment":0,"jetpack_featured_media_url":"https:\/\/eldiariodesanpedro.com.ar\/sitio\/wp-content\/uploads\/2023\/10\/Circulo-Medico-Convocatoria.jpg","jetpack_shortlink":"https:\/\/wp.me\/p6RhLt-ygp","jetpack_sharing_enabled":true,"_links":{"self":[{"href":"https:\/\/eldiariodesanpedro.com.ar\/sitio\/wp-json\/wp\/v2\/posts\/131713","targetHints":{"allow":["GET"]}}],"collection":[{"href":"https:\/\/eldiariodesanpedro.com.ar\/sitio\/wp-json\/wp\/v2\/posts"}],"about":[{"href":"https:\/\/eldiariodesanpedro.com.ar\/sitio\/wp-json\/wp\/v2\/types\/post"}],"author":[{"embeddable":true,"href":"https:\/\/eldiariodesanpedro.com.ar\/sitio\/wp-json\/wp\/v2\/users\/4"}],"replies":[{"embeddable":true,"href":"https:\/\/eldiariodesanpedro.com.ar\/sitio\/wp-json\/wp\/v2\/comments?post=131713"}],"version-history":[{"count":1,"href":"https:\/\/eldiariodesanpedro.com.ar\/sitio\/wp-json\/wp\/v2\/posts\/131713\/revisions"}],"predecessor-version":[{"id":131714,"href":"https:\/\/eldiariodesanpedro.com.ar\/sitio\/wp-json\/wp\/v2\/posts\/131713\/revisions\/131714"}],"wp:featuredmedia":[{"embeddable":true,"href":"https:\/\/eldiariodesanpedro.com.ar\/sitio\/wp-json\/wp\/v2\/media\/122782"}],"wp:attachment":[{"href":"https:\/\/eldiariodesanpedro.com.ar\/sitio\/wp-json\/wp\/v2\/media?parent=131713"}],"wp:term":[{"taxonomy":"category","embeddable":true,"href":"https:\/\/eldiariodesanpedro.com.ar\/sitio\/wp-json\/wp\/v2\/categories?post=131713"},{"taxonomy":"post_tag","embeddable":true,"href":"https:\/\/eldiariodesanpedro.com.ar\/sitio\/wp-json\/wp\/v2\/tags?post=131713"}],"curies":[{"name":"wp","href":"https:\/\/api.w.org\/{rel}","templated":true}]}}