{"id":131708,"date":"2024-08-09T21:28:40","date_gmt":"2024-08-10T00:28:40","guid":{"rendered":"https:\/\/eldiariodesanpedro.com.ar\/sitio\/?p=131708"},"modified":"2024-08-09T21:28:44","modified_gmt":"2024-08-10T00:28:44","slug":"se-detuvo-a-otra-persona-que-declaro-ser-el-quien-disparo-el-arma-que-mato-a-ismael-belo","status":"publish","type":"post","link":"https:\/\/eldiariodesanpedro.com.ar\/sitio\/se-detuvo-a-otra-persona-que-declaro-ser-el-quien-disparo-el-arma-que-mato-a-ismael-belo\/","title":{"rendered":"Se detuvo a otra persona que declar\u00f3 ser \u00e9l qui\u00e9n dispar\u00f3 el arma que mat\u00f3 a Ismael Belo"},"content":{"rendered":"<!-- VideographyWP Plugin Message: Automatic video embedding prevented by plugin options. -->\n\n<p><strong>En el marco de la causa que investiga los sucesos que desencadenaron en el fallecimiento de Ismael Belo, ocurrido en la madrugada del viernes 2 del corriente en San Lorenzo al 2000 de esta ciudad<\/strong>, se ha producido un nuevo desarrollo significativo. <strong>Nicol\u00e1s Ar\u00e9valo<\/strong>, un joven que se encontraba detenido hasta la fecha, ha sido mencionado nuevamente en la investigaci\u00f3n.<\/p>\n\n\n\n<p><strong>Durante las primeras horas de la tarde de hoy, un hombre de 72 a\u00f1os de edad se present\u00f3 en la Oficina de la DDI local acompa\u00f1ado por un abogado particular.<\/strong> Este hombre, quien refiri\u00f3 ser familiar del detenido, <strong>confes\u00f3 verbalmente haber sido el autor material de los disparos<\/strong> que alcanzaron a la v\u00edctima. Tras esta confesi\u00f3n, <strong>la fiscal\u00eda interviniente orden\u00f3 la aprehensi\u00f3n del hombre, el labrado de las actuaciones de rigor y su posterior traslado a sede judicial.<\/strong> En caso de que la fiscal considere que se contin\u00fae con la aprehensi\u00f3n, ser\u00e1 trasladado a la DDI San Nicol\u00e1s.<\/p>\n\n\n\n<p><strong>El joven Ismael Belo result\u00f3 herido por un disparo de arma de fuego en el cr\u00e1neo<\/strong>, lo que ocasion\u00f3 su posterior fallecimiento. Las <strong>tareas de investigaci\u00f3n llevadas adelante por parte de la DDI local y UFI 7<\/strong> han sido fundamentales en este caso. A trav\u00e9s de la recepci\u00f3n de distintas declaraciones y el an\u00e1lisis de c\u00e1maras de seguridad, se logr\u00f3 reunir <strong>suficientes elementos que indican la autor\u00eda del disparo mortal por parte de un joven de 23 a\u00f1os de edad, residente del domicilio donde la v\u00edctima hab\u00eda concurrido junto con su hermano y una femenina con fines a\u00fan por determinar<\/strong>.<\/p>\n\n\n\n<p><strong>El pasado martes, el Juzgado de Garant\u00edas 1 extendi\u00f3 una Orden de Detenci\u00f3n para con el imputado y un allanamiento para una posible residencia,<\/strong> considerando que <strong>el mismo junto a su grupo familiar se mudaron horas posteriores al hecho<\/strong>. Durante el allanamiento, <strong>solo se logr\u00f3 el secuestro de municiones tipo cartuchos de escopeta<\/strong>, y se efectiviz\u00f3 la <strong>detenci\u00f3n del joven imputado<\/strong>, quien se present\u00f3 de forma voluntaria en la sede donde funciona el Grupo Operativo asignado a esta ciudad de la Sub DDI Baradero. <strong>El imputado, alojado en DDI San Nicol\u00e1s, fue trasladado hoy a la sede de la fiscal\u00eda interviniente para prestar declaraci\u00f3n.<\/strong><\/p>\n","protected":false},"excerpt":{"rendered":"<p>En el marco de la causa que investiga los sucesos que desencadenaron en el fallecimiento de Ismael Belo, ocurrido en la madrugada del viernes 2 del corriente en San Lorenzo al 2000 de esta ciudad, se ha producido un nuevo desarrollo significativo. Nicol\u00e1s Ar\u00e9valo, un joven que se encontraba detenido hasta la fecha, ha sido [&hellip;]<\/p>\n","protected":false},"author":4,"featured_media":131709,"comment_status":"closed","ping_status":"closed","sticky":false,"template":"","format":"standard","meta":{"om_disable_all_campaigns":false,"_jetpack_memberships_contains_paid_content":false,"footnotes":""},"categories":[50,2,103],"tags":[],"class_list":["post-131708","post","type-post","status-publish","format-standard","has-post-thumbnail","hentry","category-destacadas","category-locales","category-policiales-locales"],"aioseo_notices":[],"gutentor_comment":0,"jetpack_featured_media_url":"https:\/\/eldiariodesanpedro.com.ar\/sitio\/wp-content\/uploads\/2024\/08\/medida-27.jpg","jetpack_shortlink":"https:\/\/wp.me\/p6RhLt-ygk","jetpack_sharing_enabled":true,"_links":{"self":[{"href":"https:\/\/eldiariodesanpedro.com.ar\/sitio\/wp-json\/wp\/v2\/posts\/131708","targetHints":{"allow":["GET"]}}],"collection":[{"href":"https:\/\/eldiariodesanpedro.com.ar\/sitio\/wp-json\/wp\/v2\/posts"}],"about":[{"href":"https:\/\/eldiariodesanpedro.com.ar\/sitio\/wp-json\/wp\/v2\/types\/post"}],"author":[{"embeddable":true,"href":"https:\/\/eldiariodesanpedro.com.ar\/sitio\/wp-json\/wp\/v2\/users\/4"}],"replies":[{"embeddable":true,"href":"https:\/\/eldiariodesanpedro.com.ar\/sitio\/wp-json\/wp\/v2\/comments?post=131708"}],"version-history":[{"count":1,"href":"https:\/\/eldiariodesanpedro.com.ar\/sitio\/wp-json\/wp\/v2\/posts\/131708\/revisions"}],"predecessor-version":[{"id":131710,"href":"https:\/\/eldiariodesanpedro.com.ar\/sitio\/wp-json\/wp\/v2\/posts\/131708\/revisions\/131710"}],"wp:featuredmedia":[{"embeddable":true,"href":"https:\/\/eldiariodesanpedro.com.ar\/sitio\/wp-json\/wp\/v2\/media\/131709"}],"wp:attachment":[{"href":"https:\/\/eldiariodesanpedro.com.ar\/sitio\/wp-json\/wp\/v2\/media?parent=131708"}],"wp:term":[{"taxonomy":"category","embeddable":true,"href":"https:\/\/eldiariodesanpedro.com.ar\/sitio\/wp-json\/wp\/v2\/categories?post=131708"},{"taxonomy":"post_tag","embeddable":true,"href":"https:\/\/eldiariodesanpedro.com.ar\/sitio\/wp-json\/wp\/v2\/tags?post=131708"}],"curies":[{"name":"wp","href":"https:\/\/api.w.org\/{rel}","templated":true}]}}