{"id":131702,"date":"2024-08-09T16:49:12","date_gmt":"2024-08-09T19:49:12","guid":{"rendered":"https:\/\/eldiariodesanpedro.com.ar\/sitio\/?p=131702"},"modified":"2024-08-09T16:49:16","modified_gmt":"2024-08-09T19:49:16","slug":"edicto-de-transferencia-de-habilitacion-municipal-lubricentro-mahe","status":"publish","type":"post","link":"https:\/\/eldiariodesanpedro.com.ar\/sitio\/edicto-de-transferencia-de-habilitacion-municipal-lubricentro-mahe\/","title":{"rendered":"Edicto de\u00a0 Transferencia de Habilitaci\u00f3n Municipal \u201cLubricentro Mahe\u201d"},"content":{"rendered":"<!-- VideographyWP Plugin Message: Automatic video embedding prevented by plugin options. -->\n\n<p>Se hace saber que se encuentra en tr\u00e1mite la transferencia de la Habilitaci\u00f3n Municipal Exp. N\u00b0 4009-20-013901\/2009&nbsp; del comercio que gira en plaza como \u201cLUBRICENTRO MAHE\u201d, sito en Ren\u00e9 Sim\u00f3n 1277, Baradero, conjuntamente con el fondo de comercio; por parte del sr. Jorge Norberto Marconi, CUIT 20-11996285-5, a favor del sr. V\u00edctor Ernesto Decuzzi, CUIT 20-28134585-1.<\/p>\n\n\n\n<p>(Publicaci\u00f3n v\u00e1lida por los d\u00edas 09, 10 y 11 de agosto de 2024)<\/p>\n","protected":false},"excerpt":{"rendered":"<p>Se hace saber que se encuentra en tr\u00e1mite la transferencia de la Habilitaci\u00f3n Municipal Exp. N\u00b0 4009-20-013901\/2009&nbsp; del comercio que gira en plaza como \u201cLUBRICENTRO MAHE\u201d, sito en Ren\u00e9 Sim\u00f3n 1277, Baradero, conjuntamente con el fondo de comercio; por parte del sr. Jorge Norberto Marconi, CUIT 20-11996285-5, a favor del sr. V\u00edctor Ernesto Decuzzi, CUIT [&hellip;]<\/p>\n","protected":false},"author":4,"featured_media":102746,"comment_status":"closed","ping_status":"closed","sticky":false,"template":"","format":"standard","meta":{"om_disable_all_campaigns":false,"_jetpack_memberships_contains_paid_content":false,"footnotes":""},"categories":[676,1124],"tags":[],"class_list":["post-131702","post","type-post","status-publish","format-standard","has-post-thumbnail","hentry","category-edictos","category-edictos-especiales"],"aioseo_notices":[],"gutentor_comment":0,"jetpack_featured_media_url":"https:\/\/eldiariodesanpedro.com.ar\/sitio\/wp-content\/uploads\/2022\/01\/EDICTO.jpg","jetpack_shortlink":"https:\/\/wp.me\/p6RhLt-yge","jetpack_sharing_enabled":true,"_links":{"self":[{"href":"https:\/\/eldiariodesanpedro.com.ar\/sitio\/wp-json\/wp\/v2\/posts\/131702","targetHints":{"allow":["GET"]}}],"collection":[{"href":"https:\/\/eldiariodesanpedro.com.ar\/sitio\/wp-json\/wp\/v2\/posts"}],"about":[{"href":"https:\/\/eldiariodesanpedro.com.ar\/sitio\/wp-json\/wp\/v2\/types\/post"}],"author":[{"embeddable":true,"href":"https:\/\/eldiariodesanpedro.com.ar\/sitio\/wp-json\/wp\/v2\/users\/4"}],"replies":[{"embeddable":true,"href":"https:\/\/eldiariodesanpedro.com.ar\/sitio\/wp-json\/wp\/v2\/comments?post=131702"}],"version-history":[{"count":1,"href":"https:\/\/eldiariodesanpedro.com.ar\/sitio\/wp-json\/wp\/v2\/posts\/131702\/revisions"}],"predecessor-version":[{"id":131703,"href":"https:\/\/eldiariodesanpedro.com.ar\/sitio\/wp-json\/wp\/v2\/posts\/131702\/revisions\/131703"}],"wp:featuredmedia":[{"embeddable":true,"href":"https:\/\/eldiariodesanpedro.com.ar\/sitio\/wp-json\/wp\/v2\/media\/102746"}],"wp:attachment":[{"href":"https:\/\/eldiariodesanpedro.com.ar\/sitio\/wp-json\/wp\/v2\/media?parent=131702"}],"wp:term":[{"taxonomy":"category","embeddable":true,"href":"https:\/\/eldiariodesanpedro.com.ar\/sitio\/wp-json\/wp\/v2\/categories?post=131702"},{"taxonomy":"post_tag","embeddable":true,"href":"https:\/\/eldiariodesanpedro.com.ar\/sitio\/wp-json\/wp\/v2\/tags?post=131702"}],"curies":[{"name":"wp","href":"https:\/\/api.w.org\/{rel}","templated":true}]}}