{"id":131700,"date":"2024-08-09T14:17:19","date_gmt":"2024-08-09T17:17:19","guid":{"rendered":"https:\/\/eldiariodesanpedro.com.ar\/sitio\/?p=131700"},"modified":"2024-08-09T14:17:23","modified_gmt":"2024-08-09T17:17:23","slug":"paro-general-de-cicop-san-pedro-el-proximo-lunes","status":"publish","type":"post","link":"https:\/\/eldiariodesanpedro.com.ar\/sitio\/paro-general-de-cicop-san-pedro-el-proximo-lunes\/","title":{"rendered":"Paro General de CICOP San Pedro el Pr\u00f3ximo Lunes"},"content":{"rendered":"<!-- VideographyWP Plugin Message: Automatic video embedding prevented by plugin options. -->\n\n<p><strong>CICOP San Pedro<\/strong>, el gremio que nuclea a los profesionales de la carrera m\u00e9dica, <strong>realizar\u00e1 el pr\u00f3ximo lunes un paro general de actividades en todo el partido de San Pedro<\/strong>.<\/p>\n\n\n\n<p>El <strong>reclamo incluye el pago de los incrementos salariales vigentes de abril, mayo y junio, los retroactivos correspondientes a esos per\u00edodos y a febrero y marzo de 2024, el Sueldo Anual Complementario<\/strong>, la bonificaci\u00f3n por residencia completa y, a nivel nacional, la <strong>eliminaci\u00f3n del impuesto a las ganancias de la cuarta categor\u00eda<\/strong>.<\/p>\n\n\n\n<p>Las <strong>autoridades del sindicato brindar\u00e1n este viernes, a las 10 horas, una conferencia de prensa<\/strong> para dar a conocer detalles de otras situaciones que dispararon la medida.<\/p>\n\n\n\n<p>El <strong>paro afectar\u00e1 el normal funcionamiento de los hospitales de San Pedro, Santa Luc\u00eda y Gobernador Castro<\/strong>, la Secretar\u00eda a cargo de la Dra. Mar\u00eda Vargas, los Centros de Atenci\u00f3n Primaria de la Salud, la Direcci\u00f3n de Salud Mental, la Subsecretar\u00eda de G\u00e9nero, Mujeres y Diversidad y Desarrollo de la Comunidad.<\/p>\n\n\n\n<p>imagen de archivo<\/p>\n","protected":false},"excerpt":{"rendered":"<p>CICOP San Pedro, el gremio que nuclea a los profesionales de la carrera m\u00e9dica, realizar\u00e1 el pr\u00f3ximo lunes un paro general de actividades en todo el partido de San Pedro. El reclamo incluye el pago de los incrementos salariales vigentes de abril, mayo y junio, los retroactivos correspondientes a esos per\u00edodos y a febrero y [&hellip;]<\/p>\n","protected":false},"author":4,"featured_media":81291,"comment_status":"closed","ping_status":"closed","sticky":false,"template":"","format":"standard","meta":{"om_disable_all_campaigns":false,"_jetpack_memberships_contains_paid_content":false,"footnotes":""},"categories":[2],"tags":[],"class_list":["post-131700","post","type-post","status-publish","format-standard","has-post-thumbnail","hentry","category-locales"],"aioseo_notices":[],"gutentor_comment":0,"jetpack_featured_media_url":"https:\/\/eldiariodesanpedro.com.ar\/sitio\/wp-content\/uploads\/2020\/09\/WhatsApp-Image-2020-09-21-at-18.45.01.jpeg","jetpack_shortlink":"https:\/\/wp.me\/p6RhLt-ygc","jetpack_sharing_enabled":true,"_links":{"self":[{"href":"https:\/\/eldiariodesanpedro.com.ar\/sitio\/wp-json\/wp\/v2\/posts\/131700","targetHints":{"allow":["GET"]}}],"collection":[{"href":"https:\/\/eldiariodesanpedro.com.ar\/sitio\/wp-json\/wp\/v2\/posts"}],"about":[{"href":"https:\/\/eldiariodesanpedro.com.ar\/sitio\/wp-json\/wp\/v2\/types\/post"}],"author":[{"embeddable":true,"href":"https:\/\/eldiariodesanpedro.com.ar\/sitio\/wp-json\/wp\/v2\/users\/4"}],"replies":[{"embeddable":true,"href":"https:\/\/eldiariodesanpedro.com.ar\/sitio\/wp-json\/wp\/v2\/comments?post=131700"}],"version-history":[{"count":1,"href":"https:\/\/eldiariodesanpedro.com.ar\/sitio\/wp-json\/wp\/v2\/posts\/131700\/revisions"}],"predecessor-version":[{"id":131701,"href":"https:\/\/eldiariodesanpedro.com.ar\/sitio\/wp-json\/wp\/v2\/posts\/131700\/revisions\/131701"}],"wp:featuredmedia":[{"embeddable":true,"href":"https:\/\/eldiariodesanpedro.com.ar\/sitio\/wp-json\/wp\/v2\/media\/81291"}],"wp:attachment":[{"href":"https:\/\/eldiariodesanpedro.com.ar\/sitio\/wp-json\/wp\/v2\/media?parent=131700"}],"wp:term":[{"taxonomy":"category","embeddable":true,"href":"https:\/\/eldiariodesanpedro.com.ar\/sitio\/wp-json\/wp\/v2\/categories?post=131700"},{"taxonomy":"post_tag","embeddable":true,"href":"https:\/\/eldiariodesanpedro.com.ar\/sitio\/wp-json\/wp\/v2\/tags?post=131700"}],"curies":[{"name":"wp","href":"https:\/\/api.w.org\/{rel}","templated":true}]}}