{"id":13169,"date":"2017-01-20T20:38:27","date_gmt":"2017-01-20T23:38:27","guid":{"rendered":"https:\/\/eldiariodesanpedro.com.ar\/sitio\/?p=13169"},"modified":"2017-01-20T20:38:27","modified_gmt":"2017-01-20T23:38:27","slug":"el-comisario-mayor-eduardo-mori-fue-pasado-a-retiro-junto-con-otros-140-policias","status":"publish","type":"post","link":"https:\/\/eldiariodesanpedro.com.ar\/sitio\/el-comisario-mayor-eduardo-mori-fue-pasado-a-retiro-junto-con-otros-140-policias\/","title":{"rendered":"El comisario mayor Eduardo Mori fue pasado a retiro junto con otros 140 polic\u00edas"},"content":{"rendered":"<p><!-- VideographyWP Plugin Message: Automatic video embedding prevented by plugin options. --><br \/>\nDesde el Ministerio de Seguridad de la provincia de Buenos Aires, que conduce Cristian Ritondo, se dio a conocer la lista de nuevos efectivos de la Polic\u00eda Bonaerense que fueron pasados a retiro activo. Conforme a lo informado, no se debe a irregularidades y el hecho responde a causas normales.<\/p>\n<p>Mori se hab\u00eda desempe\u00f1ado a cargo de la Coordinaci\u00f3n de la DDI en la regi\u00f3n. En febrero del a\u00f1o pasado se hab\u00eda hecho cargo de la Divisi\u00f3n de Investigaciones (DDI) de la Departamental San Nicol\u00e1s.<\/p>\n<p>El jefe policial Los 142 uniformados que fueron incluidos en la resoluci\u00f3n, entre los que se encuentran comisarios, subcomisarios, capitanes y tenientes, cumple con los requisitos para dar un paso al costado.<\/p>\n<p>As\u00ed lo graficaron desde la cartera en la misma resoluci\u00f3n: \u201cCumplen con los requisitos previstos en la ley 13.982 y su decreto reglamentario\u201d. \u201cEs gente que cumpli\u00f3 los a\u00f1os de servicio, tiene los aportes completos e incluso, muchos, tienen solicitud de retiro\u201d, informaron medi\u00e1ticamente.<\/p>\n<p>La medida lleva la firma del Ministro de Seguridad, Cristian Ritondo, y del Comisario Inspector Oscar Ra\u00fal Morad, director de Personal, y establece el pase a situaci\u00f3n de Retiro Activo Obligatorio de los uniformados, para quienes ya se libraron c\u00e9dulas de notificaci\u00f3n.<\/p>\n","protected":false},"excerpt":{"rendered":"<p>Desde el Ministerio de Seguridad de la provincia de Buenos Aires, que conduce Cristian Ritondo, se dio a conocer la lista de nuevos efectivos de la Polic\u00eda Bonaerense que fueron pasados a retiro activo. Conforme a lo informado, no se debe a irregularidades y el hecho responde a causas normales. Mori se hab\u00eda desempe\u00f1ado a [&hellip;]<\/p>\n","protected":false},"author":4,"featured_media":13170,"comment_status":"open","ping_status":"closed","sticky":false,"template":"","format":"standard","meta":{"om_disable_all_campaigns":false,"_jetpack_memberships_contains_paid_content":false,"footnotes":""},"categories":[2,102],"tags":[],"class_list":["post-13169","post","type-post","status-publish","format-standard","has-post-thumbnail","hentry","category-locales","category-politica-locales"],"aioseo_notices":[],"gutentor_comment":0,"jetpack_featured_media_url":"https:\/\/eldiariodesanpedro.com.ar\/sitio\/wp-content\/uploads\/2017\/01\/Eduardo-Mori..jpg","jetpack_shortlink":"https:\/\/wp.me\/p6RhLt-3qp","jetpack_sharing_enabled":true,"_links":{"self":[{"href":"https:\/\/eldiariodesanpedro.com.ar\/sitio\/wp-json\/wp\/v2\/posts\/13169","targetHints":{"allow":["GET"]}}],"collection":[{"href":"https:\/\/eldiariodesanpedro.com.ar\/sitio\/wp-json\/wp\/v2\/posts"}],"about":[{"href":"https:\/\/eldiariodesanpedro.com.ar\/sitio\/wp-json\/wp\/v2\/types\/post"}],"author":[{"embeddable":true,"href":"https:\/\/eldiariodesanpedro.com.ar\/sitio\/wp-json\/wp\/v2\/users\/4"}],"replies":[{"embeddable":true,"href":"https:\/\/eldiariodesanpedro.com.ar\/sitio\/wp-json\/wp\/v2\/comments?post=13169"}],"version-history":[{"count":1,"href":"https:\/\/eldiariodesanpedro.com.ar\/sitio\/wp-json\/wp\/v2\/posts\/13169\/revisions"}],"predecessor-version":[{"id":13171,"href":"https:\/\/eldiariodesanpedro.com.ar\/sitio\/wp-json\/wp\/v2\/posts\/13169\/revisions\/13171"}],"wp:featuredmedia":[{"embeddable":true,"href":"https:\/\/eldiariodesanpedro.com.ar\/sitio\/wp-json\/wp\/v2\/media\/13170"}],"wp:attachment":[{"href":"https:\/\/eldiariodesanpedro.com.ar\/sitio\/wp-json\/wp\/v2\/media?parent=13169"}],"wp:term":[{"taxonomy":"category","embeddable":true,"href":"https:\/\/eldiariodesanpedro.com.ar\/sitio\/wp-json\/wp\/v2\/categories?post=13169"},{"taxonomy":"post_tag","embeddable":true,"href":"https:\/\/eldiariodesanpedro.com.ar\/sitio\/wp-json\/wp\/v2\/tags?post=13169"}],"curies":[{"name":"wp","href":"https:\/\/api.w.org\/{rel}","templated":true}]}}