{"id":13160,"date":"2017-01-20T09:17:33","date_gmt":"2017-01-20T12:17:33","guid":{"rendered":"https:\/\/eldiariodesanpedro.com.ar\/sitio\/?p=13160"},"modified":"2017-01-20T09:17:33","modified_gmt":"2017-01-20T12:17:33","slug":"allanamiento-por-un-hecho-delictivo-por-un-motochorro","status":"publish","type":"post","link":"https:\/\/eldiariodesanpedro.com.ar\/sitio\/allanamiento-por-un-hecho-delictivo-por-un-motochorro\/","title":{"rendered":"Allanamiento por un hecho delictivo por un motochorro"},"content":{"rendered":"<p><!-- VideographyWP Plugin Message: Automatic video embedding prevented by plugin options. --><br \/>\nA ra\u00edz del hecho ocurrido en el d\u00eda de ayer donde una joven fue v\u00edctima de un hecho donde una pareja de delincuentes con antecedentes quienes circulaban a bordo de una moto le sustraen la cartera. <\/p>\n<p>Por este hecho se realiza un allanamiento y la detenci\u00f3n de estas personas,  la cual fue otorgada por el Juzgado de de garant\u00edas. Durante la noche se realiz\u00f3 el allanamiento con resultados negativos. <\/p>\n","protected":false},"excerpt":{"rendered":"<p>A ra\u00edz del hecho ocurrido en el d\u00eda de ayer donde una joven fue v\u00edctima de un hecho donde una pareja de delincuentes con antecedentes quienes circulaban a bordo de una moto le sustraen la cartera. Por este hecho se realiza un allanamiento y la detenci\u00f3n de estas personas, la cual fue otorgada por el [&hellip;]<\/p>\n","protected":false},"author":4,"featured_media":2693,"comment_status":"open","ping_status":"closed","sticky":false,"template":"","format":"standard","meta":{"om_disable_all_campaigns":false,"_jetpack_memberships_contains_paid_content":false,"footnotes":""},"categories":[2,103],"tags":[],"class_list":["post-13160","post","type-post","status-publish","format-standard","has-post-thumbnail","hentry","category-locales","category-policiales-locales"],"aioseo_notices":[],"gutentor_comment":0,"jetpack_featured_media_url":"https:\/\/eldiariodesanpedro.com.ar\/sitio\/wp-content\/uploads\/2016\/04\/Policia-Bonaerense.jpg","jetpack_shortlink":"https:\/\/wp.me\/p6RhLt-3qg","jetpack_sharing_enabled":true,"_links":{"self":[{"href":"https:\/\/eldiariodesanpedro.com.ar\/sitio\/wp-json\/wp\/v2\/posts\/13160","targetHints":{"allow":["GET"]}}],"collection":[{"href":"https:\/\/eldiariodesanpedro.com.ar\/sitio\/wp-json\/wp\/v2\/posts"}],"about":[{"href":"https:\/\/eldiariodesanpedro.com.ar\/sitio\/wp-json\/wp\/v2\/types\/post"}],"author":[{"embeddable":true,"href":"https:\/\/eldiariodesanpedro.com.ar\/sitio\/wp-json\/wp\/v2\/users\/4"}],"replies":[{"embeddable":true,"href":"https:\/\/eldiariodesanpedro.com.ar\/sitio\/wp-json\/wp\/v2\/comments?post=13160"}],"version-history":[{"count":1,"href":"https:\/\/eldiariodesanpedro.com.ar\/sitio\/wp-json\/wp\/v2\/posts\/13160\/revisions"}],"predecessor-version":[{"id":13163,"href":"https:\/\/eldiariodesanpedro.com.ar\/sitio\/wp-json\/wp\/v2\/posts\/13160\/revisions\/13163"}],"wp:featuredmedia":[{"embeddable":true,"href":"https:\/\/eldiariodesanpedro.com.ar\/sitio\/wp-json\/wp\/v2\/media\/2693"}],"wp:attachment":[{"href":"https:\/\/eldiariodesanpedro.com.ar\/sitio\/wp-json\/wp\/v2\/media?parent=13160"}],"wp:term":[{"taxonomy":"category","embeddable":true,"href":"https:\/\/eldiariodesanpedro.com.ar\/sitio\/wp-json\/wp\/v2\/categories?post=13160"},{"taxonomy":"post_tag","embeddable":true,"href":"https:\/\/eldiariodesanpedro.com.ar\/sitio\/wp-json\/wp\/v2\/tags?post=13160"}],"curies":[{"name":"wp","href":"https:\/\/api.w.org\/{rel}","templated":true}]}}