{"id":13158,"date":"2017-01-20T09:04:46","date_gmt":"2017-01-20T12:04:46","guid":{"rendered":"https:\/\/eldiariodesanpedro.com.ar\/sitio\/?p=13158"},"modified":"2017-01-20T09:04:46","modified_gmt":"2017-01-20T12:04:46","slug":"una-mujer-habria-intentado-atentar-contra-su-vida-en-la-zona-de-la-barranca","status":"publish","type":"post","link":"https:\/\/eldiariodesanpedro.com.ar\/sitio\/una-mujer-habria-intentado-atentar-contra-su-vida-en-la-zona-de-la-barranca\/","title":{"rendered":"Una mujer habr\u00eda intentado atentar contra su vida en la zona de la barranca"},"content":{"rendered":"<p><!-- VideographyWP Plugin Message: Automatic video embedding prevented by plugin options. --><br \/>\nEn la madrugada de hoy, alrededor de las 01:00 personal de la comisar\u00eda local colaboro junto al servicio de emergencia 107 para la contenci\u00f3n de una joven mayor de edad quien seg\u00fan pudieron constatar sus familiares habr\u00eda tratado de atentar contra su vida en el sector de barrancas en calle R\u00f3mulo Naon y Bvard. Paran\u00e1. <\/p>\n","protected":false},"excerpt":{"rendered":"<p>En la madrugada de hoy, alrededor de las 01:00 personal de la comisar\u00eda local colaboro junto al servicio de emergencia 107 para la contenci\u00f3n de una joven mayor de edad quien seg\u00fan pudieron constatar sus familiares habr\u00eda tratado de atentar contra su vida en el sector de barrancas en calle R\u00f3mulo Naon y Bvard. Paran\u00e1.<\/p>\n","protected":false},"author":4,"featured_media":10725,"comment_status":"open","ping_status":"closed","sticky":false,"template":"","format":"standard","meta":{"om_disable_all_campaigns":false,"_jetpack_memberships_contains_paid_content":false,"footnotes":""},"categories":[2,103],"tags":[],"class_list":["post-13158","post","type-post","status-publish","format-standard","has-post-thumbnail","hentry","category-locales","category-policiales-locales"],"aioseo_notices":[],"gutentor_comment":0,"jetpack_featured_media_url":"https:\/\/eldiariodesanpedro.com.ar\/sitio\/wp-content\/uploads\/2016\/11\/Polic\u00eda-detiene-noche.jpg","jetpack_shortlink":"https:\/\/wp.me\/p6RhLt-3qe","jetpack_sharing_enabled":true,"_links":{"self":[{"href":"https:\/\/eldiariodesanpedro.com.ar\/sitio\/wp-json\/wp\/v2\/posts\/13158","targetHints":{"allow":["GET"]}}],"collection":[{"href":"https:\/\/eldiariodesanpedro.com.ar\/sitio\/wp-json\/wp\/v2\/posts"}],"about":[{"href":"https:\/\/eldiariodesanpedro.com.ar\/sitio\/wp-json\/wp\/v2\/types\/post"}],"author":[{"embeddable":true,"href":"https:\/\/eldiariodesanpedro.com.ar\/sitio\/wp-json\/wp\/v2\/users\/4"}],"replies":[{"embeddable":true,"href":"https:\/\/eldiariodesanpedro.com.ar\/sitio\/wp-json\/wp\/v2\/comments?post=13158"}],"version-history":[{"count":1,"href":"https:\/\/eldiariodesanpedro.com.ar\/sitio\/wp-json\/wp\/v2\/posts\/13158\/revisions"}],"predecessor-version":[{"id":13159,"href":"https:\/\/eldiariodesanpedro.com.ar\/sitio\/wp-json\/wp\/v2\/posts\/13158\/revisions\/13159"}],"wp:featuredmedia":[{"embeddable":true,"href":"https:\/\/eldiariodesanpedro.com.ar\/sitio\/wp-json\/wp\/v2\/media\/10725"}],"wp:attachment":[{"href":"https:\/\/eldiariodesanpedro.com.ar\/sitio\/wp-json\/wp\/v2\/media?parent=13158"}],"wp:term":[{"taxonomy":"category","embeddable":true,"href":"https:\/\/eldiariodesanpedro.com.ar\/sitio\/wp-json\/wp\/v2\/categories?post=13158"},{"taxonomy":"post_tag","embeddable":true,"href":"https:\/\/eldiariodesanpedro.com.ar\/sitio\/wp-json\/wp\/v2\/tags?post=13158"}],"curies":[{"name":"wp","href":"https:\/\/api.w.org\/{rel}","templated":true}]}}