{"id":13156,"date":"2017-01-20T08:57:12","date_gmt":"2017-01-20T11:57:12","guid":{"rendered":"https:\/\/eldiariodesanpedro.com.ar\/sitio\/?p=13156"},"modified":"2017-01-20T08:57:12","modified_gmt":"2017-01-20T11:57:12","slug":"encuentran-una-camioneta-amarok-robada-dias-atras-en-ramallo","status":"publish","type":"post","link":"https:\/\/eldiariodesanpedro.com.ar\/sitio\/encuentran-una-camioneta-amarok-robada-dias-atras-en-ramallo\/","title":{"rendered":"Encuentran una camioneta Amarok robada d\u00edas atr\u00e1s en Ramallo"},"content":{"rendered":"<p><!-- VideographyWP Plugin Message: Automatic video embedding prevented by plugin options. --><br \/>\nEn esta madrugada alrededor de las 00:30 hs,  efectivos de la polic\u00eda departamental de nuestra ciudad que se encontraba de recorrida preventiva en la zona de cuartel 2 camino vecinal denominado hacia La Balsa, se procedi\u00f3 al hallazgo en estado de abandono una camioneta Volkswagen Amarok dominio KNL521 motor N\u00b0 CDC085798 chasis N\u00b0 8AWDB42H0CA014834. <\/p>\n<p>El veh\u00edculo presentaba rotura en una de sus ventanillas lo que llam\u00f3 la atenci\u00f3n de los efectivo y tras efectuar consulta radial por el secuestro se pudo establecer que el rodado tendr\u00eda pedido de secuestro activo con fecha 16 de enero de 2017 en la ciudad de la vecina ciudad de Ramallo.<\/p>\n","protected":false},"excerpt":{"rendered":"<p>En esta madrugada alrededor de las 00:30 hs, efectivos de la polic\u00eda departamental de nuestra ciudad que se encontraba de recorrida preventiva en la zona de cuartel 2 camino vecinal denominado hacia La Balsa, se procedi\u00f3 al hallazgo en estado de abandono una camioneta Volkswagen Amarok dominio KNL521 motor N\u00b0 CDC085798 chasis N\u00b0 8AWDB42H0CA014834. El [&hellip;]<\/p>\n","protected":false},"author":4,"featured_media":5165,"comment_status":"open","ping_status":"closed","sticky":false,"template":"","format":"standard","meta":{"om_disable_all_campaigns":false,"_jetpack_memberships_contains_paid_content":false,"footnotes":""},"categories":[2,103],"tags":[],"class_list":["post-13156","post","type-post","status-publish","format-standard","has-post-thumbnail","hentry","category-locales","category-policiales-locales"],"aioseo_notices":[],"gutentor_comment":0,"jetpack_featured_media_url":"https:\/\/eldiariodesanpedro.com.ar\/sitio\/wp-content\/uploads\/2016\/06\/policia-rural.jpg","jetpack_shortlink":"https:\/\/wp.me\/p6RhLt-3qc","jetpack_sharing_enabled":true,"_links":{"self":[{"href":"https:\/\/eldiariodesanpedro.com.ar\/sitio\/wp-json\/wp\/v2\/posts\/13156","targetHints":{"allow":["GET"]}}],"collection":[{"href":"https:\/\/eldiariodesanpedro.com.ar\/sitio\/wp-json\/wp\/v2\/posts"}],"about":[{"href":"https:\/\/eldiariodesanpedro.com.ar\/sitio\/wp-json\/wp\/v2\/types\/post"}],"author":[{"embeddable":true,"href":"https:\/\/eldiariodesanpedro.com.ar\/sitio\/wp-json\/wp\/v2\/users\/4"}],"replies":[{"embeddable":true,"href":"https:\/\/eldiariodesanpedro.com.ar\/sitio\/wp-json\/wp\/v2\/comments?post=13156"}],"version-history":[{"count":1,"href":"https:\/\/eldiariodesanpedro.com.ar\/sitio\/wp-json\/wp\/v2\/posts\/13156\/revisions"}],"predecessor-version":[{"id":13157,"href":"https:\/\/eldiariodesanpedro.com.ar\/sitio\/wp-json\/wp\/v2\/posts\/13156\/revisions\/13157"}],"wp:featuredmedia":[{"embeddable":true,"href":"https:\/\/eldiariodesanpedro.com.ar\/sitio\/wp-json\/wp\/v2\/media\/5165"}],"wp:attachment":[{"href":"https:\/\/eldiariodesanpedro.com.ar\/sitio\/wp-json\/wp\/v2\/media?parent=13156"}],"wp:term":[{"taxonomy":"category","embeddable":true,"href":"https:\/\/eldiariodesanpedro.com.ar\/sitio\/wp-json\/wp\/v2\/categories?post=13156"},{"taxonomy":"post_tag","embeddable":true,"href":"https:\/\/eldiariodesanpedro.com.ar\/sitio\/wp-json\/wp\/v2\/tags?post=13156"}],"curies":[{"name":"wp","href":"https:\/\/api.w.org\/{rel}","templated":true}]}}