{"id":13154,"date":"2017-01-20T08:45:48","date_gmt":"2017-01-20T11:45:48","guid":{"rendered":"https:\/\/eldiariodesanpedro.com.ar\/sitio\/?p=13154"},"modified":"2017-01-20T08:45:48","modified_gmt":"2017-01-20T11:45:48","slug":"recuperan-moto-robada-hace-unos-dias-atras","status":"publish","type":"post","link":"https:\/\/eldiariodesanpedro.com.ar\/sitio\/recuperan-moto-robada-hace-unos-dias-atras\/","title":{"rendered":"Recuperan moto robada hace unos d\u00edas atr\u00e1s"},"content":{"rendered":"<p><!-- VideographyWP Plugin Message: Automatic video embedding prevented by plugin options. --><br \/>\nEn el d\u00eda de ayer a las 18:30 personal policial que efectuaba su recorrida preventiva procedi\u00f3 a la intersecci\u00f3n en calles Sarmiento y 3 de Febrero de un masculino de 18 a\u00f1os de edad quien conduc\u00eda una motocicleta Gilera Smash 110 cc, la cual al consultar en el sistema de secuestros se estableci\u00f3 que el rodado presentaba pedido de secuestro activo desde el d\u00eda 16 de enero de 2017 solicitado por la UFI N 7 por hurto. <\/p>\n","protected":false},"excerpt":{"rendered":"<p>En el d\u00eda de ayer a las 18:30 personal policial que efectuaba su recorrida preventiva procedi\u00f3 a la intersecci\u00f3n en calles Sarmiento y 3 de Febrero de un masculino de 18 a\u00f1os de edad quien conduc\u00eda una motocicleta Gilera Smash 110 cc, la cual al consultar en el sistema de secuestros se estableci\u00f3 que el [&hellip;]<\/p>\n","protected":false},"author":4,"featured_media":11797,"comment_status":"open","ping_status":"closed","sticky":false,"template":"","format":"standard","meta":{"om_disable_all_campaigns":false,"_jetpack_memberships_contains_paid_content":false,"footnotes":""},"categories":[2,103],"tags":[],"class_list":["post-13154","post","type-post","status-publish","format-standard","has-post-thumbnail","hentry","category-locales","category-policiales-locales"],"aioseo_notices":[],"gutentor_comment":0,"jetpack_featured_media_url":"https:\/\/eldiariodesanpedro.com.ar\/sitio\/wp-content\/uploads\/2016\/12\/moto-secuestrada.jpg","jetpack_shortlink":"https:\/\/wp.me\/p6RhLt-3qa","jetpack_sharing_enabled":true,"_links":{"self":[{"href":"https:\/\/eldiariodesanpedro.com.ar\/sitio\/wp-json\/wp\/v2\/posts\/13154","targetHints":{"allow":["GET"]}}],"collection":[{"href":"https:\/\/eldiariodesanpedro.com.ar\/sitio\/wp-json\/wp\/v2\/posts"}],"about":[{"href":"https:\/\/eldiariodesanpedro.com.ar\/sitio\/wp-json\/wp\/v2\/types\/post"}],"author":[{"embeddable":true,"href":"https:\/\/eldiariodesanpedro.com.ar\/sitio\/wp-json\/wp\/v2\/users\/4"}],"replies":[{"embeddable":true,"href":"https:\/\/eldiariodesanpedro.com.ar\/sitio\/wp-json\/wp\/v2\/comments?post=13154"}],"version-history":[{"count":1,"href":"https:\/\/eldiariodesanpedro.com.ar\/sitio\/wp-json\/wp\/v2\/posts\/13154\/revisions"}],"predecessor-version":[{"id":13155,"href":"https:\/\/eldiariodesanpedro.com.ar\/sitio\/wp-json\/wp\/v2\/posts\/13154\/revisions\/13155"}],"wp:featuredmedia":[{"embeddable":true,"href":"https:\/\/eldiariodesanpedro.com.ar\/sitio\/wp-json\/wp\/v2\/media\/11797"}],"wp:attachment":[{"href":"https:\/\/eldiariodesanpedro.com.ar\/sitio\/wp-json\/wp\/v2\/media?parent=13154"}],"wp:term":[{"taxonomy":"category","embeddable":true,"href":"https:\/\/eldiariodesanpedro.com.ar\/sitio\/wp-json\/wp\/v2\/categories?post=13154"},{"taxonomy":"post_tag","embeddable":true,"href":"https:\/\/eldiariodesanpedro.com.ar\/sitio\/wp-json\/wp\/v2\/tags?post=13154"}],"curies":[{"name":"wp","href":"https:\/\/api.w.org\/{rel}","templated":true}]}}