{"id":13152,"date":"2017-01-20T08:37:31","date_gmt":"2017-01-20T11:37:31","guid":{"rendered":"https:\/\/eldiariodesanpedro.com.ar\/sitio\/?p=13152"},"modified":"2017-01-20T08:37:31","modified_gmt":"2017-01-20T11:37:31","slug":"detienen-delincuente-en-la-104-que-habia-robado-en-un-auto","status":"publish","type":"post","link":"https:\/\/eldiariodesanpedro.com.ar\/sitio\/detienen-delincuente-en-la-104-que-habia-robado-en-un-auto\/","title":{"rendered":"Detienen delincuente en la 104, que hab\u00eda robado en un  auto"},"content":{"rendered":"<p><!-- VideographyWP Plugin Message: Automatic video embedding prevented by plugin options. --><br \/>\nEn el d\u00eda de ayer alrededor de las 16:50 a ra\u00edz de un llamado al servicio 101 se informo por parte de la v\u00edctima del hecho que estaban ingresando un joven mayor de edad estaba sustrayendo de su auto pertenencias desde el interior del veh\u00edculo un Volkswagen Polo el que se encontraba estacionado en calle Auli N\u00b0 125 frente al hospital local dandose a la fuga hacia el barrio 104 viviendas. <\/p>\n<p>Haci\u00e9ndose presente el m\u00f3vil policial en calle 11 de septiembre entre Bozzano y Auli se procedi\u00f3 a la aprehensi\u00f3n del joven quien era acusado del hecho,  quien se pudo constatar que ser\u00eda un sujeto de 22 a\u00f1os de edad con frondoso antecedentes penales,  quien  al momento de la requisa se pudo secuestrar un tel\u00e9fono Samsung Core, elemento reconocido por el damnificado. <\/p>\n","protected":false},"excerpt":{"rendered":"<p>En el d\u00eda de ayer alrededor de las 16:50 a ra\u00edz de un llamado al servicio 101 se informo por parte de la v\u00edctima del hecho que estaban ingresando un joven mayor de edad estaba sustrayendo de su auto pertenencias desde el interior del veh\u00edculo un Volkswagen Polo el que se encontraba estacionado en calle [&hellip;]<\/p>\n","protected":false},"author":4,"featured_media":4713,"comment_status":"open","ping_status":"closed","sticky":false,"template":"","format":"standard","meta":{"om_disable_all_campaigns":false,"_jetpack_memberships_contains_paid_content":false,"footnotes":""},"categories":[2,103],"tags":[],"class_list":["post-13152","post","type-post","status-publish","format-standard","has-post-thumbnail","hentry","category-locales","category-policiales-locales"],"aioseo_notices":[],"gutentor_comment":0,"jetpack_featured_media_url":"https:\/\/eldiariodesanpedro.com.ar\/sitio\/wp-content\/uploads\/2016\/05\/detenido.jpg","jetpack_shortlink":"https:\/\/wp.me\/p6RhLt-3q8","jetpack_sharing_enabled":true,"_links":{"self":[{"href":"https:\/\/eldiariodesanpedro.com.ar\/sitio\/wp-json\/wp\/v2\/posts\/13152","targetHints":{"allow":["GET"]}}],"collection":[{"href":"https:\/\/eldiariodesanpedro.com.ar\/sitio\/wp-json\/wp\/v2\/posts"}],"about":[{"href":"https:\/\/eldiariodesanpedro.com.ar\/sitio\/wp-json\/wp\/v2\/types\/post"}],"author":[{"embeddable":true,"href":"https:\/\/eldiariodesanpedro.com.ar\/sitio\/wp-json\/wp\/v2\/users\/4"}],"replies":[{"embeddable":true,"href":"https:\/\/eldiariodesanpedro.com.ar\/sitio\/wp-json\/wp\/v2\/comments?post=13152"}],"version-history":[{"count":1,"href":"https:\/\/eldiariodesanpedro.com.ar\/sitio\/wp-json\/wp\/v2\/posts\/13152\/revisions"}],"predecessor-version":[{"id":13153,"href":"https:\/\/eldiariodesanpedro.com.ar\/sitio\/wp-json\/wp\/v2\/posts\/13152\/revisions\/13153"}],"wp:featuredmedia":[{"embeddable":true,"href":"https:\/\/eldiariodesanpedro.com.ar\/sitio\/wp-json\/wp\/v2\/media\/4713"}],"wp:attachment":[{"href":"https:\/\/eldiariodesanpedro.com.ar\/sitio\/wp-json\/wp\/v2\/media?parent=13152"}],"wp:term":[{"taxonomy":"category","embeddable":true,"href":"https:\/\/eldiariodesanpedro.com.ar\/sitio\/wp-json\/wp\/v2\/categories?post=13152"},{"taxonomy":"post_tag","embeddable":true,"href":"https:\/\/eldiariodesanpedro.com.ar\/sitio\/wp-json\/wp\/v2\/tags?post=13152"}],"curies":[{"name":"wp","href":"https:\/\/api.w.org\/{rel}","templated":true}]}}