{"id":13142,"date":"2017-01-19T21:08:12","date_gmt":"2017-01-20T00:08:12","guid":{"rendered":"https:\/\/eldiariodesanpedro.com.ar\/sitio\/?p=13142"},"modified":"2017-01-19T21:08:12","modified_gmt":"2017-01-20T00:08:12","slug":"arrecifes-avanza-la-instalacion-de-gas-natural-en-el-parque-industrial","status":"publish","type":"post","link":"https:\/\/eldiariodesanpedro.com.ar\/sitio\/arrecifes-avanza-la-instalacion-de-gas-natural-en-el-parque-industrial\/","title":{"rendered":"ARRECIFES: Avanza la instalaci\u00f3n de gas natural en el Parque Industrial"},"content":{"rendered":"<p><!-- VideographyWP Plugin Message: Automatic video embedding prevented by plugin options. --><br \/>\nLa Direcci\u00f3n de Producci\u00f3n de la Municipalidad de Arrecifes avanza con las gestiones destinadas a obras de instalaci\u00f3n de red de gas natural en el Sector Industrial Planificado de Arrecifes.<\/p>\n<p>Luego del correspondiente llamado a licitaci\u00f3n y habi\u00e9ndose llevado a cabo la apertura de sobres, con la presentaci\u00f3n de cinco empresas oferentes, el tr\u00e1mite previo a su concreci\u00f3n se encuentra en etapa de an\u00e1lisis t\u00e9cnico y econ\u00f3mico de las ofertas.<\/p>\n<p>La obra incluye la instalaci\u00f3n de planta reguladora de presi\u00f3n de gas y tendido de red interna en el Parque Industrial. La direcci\u00f3n de la misma estar\u00e1 a cargo de la empresa BAGSA y su financiaci\u00f3n a cargo del Ministerio de Infraestructura de la provincia de Buenos Aires.<\/p>\n<p>Recordamos que el promocionado desde hace a\u00f1os \u201cgas natural para el Parque Industrial\u201d se trat\u00f3 de una obra que llev\u00f3 el tendido de la red de gas hasta Todd, pasando por la puerta del Sector Industrial Planificado, que nunca tuvo gas natural. (http:\/\/arrecifesnoticias.com).<\/p>\n","protected":false},"excerpt":{"rendered":"<p>La Direcci\u00f3n de Producci\u00f3n de la Municipalidad de Arrecifes avanza con las gestiones destinadas a obras de instalaci\u00f3n de red de gas natural en el Sector Industrial Planificado de Arrecifes. Luego del correspondiente llamado a licitaci\u00f3n y habi\u00e9ndose llevado a cabo la apertura de sobres, con la presentaci\u00f3n de cinco empresas oferentes, el tr\u00e1mite previo [&hellip;]<\/p>\n","protected":false},"author":4,"featured_media":13143,"comment_status":"open","ping_status":"closed","sticky":false,"template":"","format":"standard","meta":{"om_disable_all_campaigns":false,"_jetpack_memberships_contains_paid_content":false,"footnotes":""},"categories":[621],"tags":[],"class_list":["post-13142","post","type-post","status-publish","format-standard","has-post-thumbnail","hentry","category-regionales"],"aioseo_notices":[],"gutentor_comment":0,"jetpack_featured_media_url":"https:\/\/eldiariodesanpedro.com.ar\/sitio\/wp-content\/uploads\/2017\/01\/parque-industrial-arrecifes.jpg","jetpack_shortlink":"https:\/\/wp.me\/p6RhLt-3pY","jetpack_sharing_enabled":true,"_links":{"self":[{"href":"https:\/\/eldiariodesanpedro.com.ar\/sitio\/wp-json\/wp\/v2\/posts\/13142","targetHints":{"allow":["GET"]}}],"collection":[{"href":"https:\/\/eldiariodesanpedro.com.ar\/sitio\/wp-json\/wp\/v2\/posts"}],"about":[{"href":"https:\/\/eldiariodesanpedro.com.ar\/sitio\/wp-json\/wp\/v2\/types\/post"}],"author":[{"embeddable":true,"href":"https:\/\/eldiariodesanpedro.com.ar\/sitio\/wp-json\/wp\/v2\/users\/4"}],"replies":[{"embeddable":true,"href":"https:\/\/eldiariodesanpedro.com.ar\/sitio\/wp-json\/wp\/v2\/comments?post=13142"}],"version-history":[{"count":1,"href":"https:\/\/eldiariodesanpedro.com.ar\/sitio\/wp-json\/wp\/v2\/posts\/13142\/revisions"}],"predecessor-version":[{"id":13144,"href":"https:\/\/eldiariodesanpedro.com.ar\/sitio\/wp-json\/wp\/v2\/posts\/13142\/revisions\/13144"}],"wp:featuredmedia":[{"embeddable":true,"href":"https:\/\/eldiariodesanpedro.com.ar\/sitio\/wp-json\/wp\/v2\/media\/13143"}],"wp:attachment":[{"href":"https:\/\/eldiariodesanpedro.com.ar\/sitio\/wp-json\/wp\/v2\/media?parent=13142"}],"wp:term":[{"taxonomy":"category","embeddable":true,"href":"https:\/\/eldiariodesanpedro.com.ar\/sitio\/wp-json\/wp\/v2\/categories?post=13142"},{"taxonomy":"post_tag","embeddable":true,"href":"https:\/\/eldiariodesanpedro.com.ar\/sitio\/wp-json\/wp\/v2\/tags?post=13142"}],"curies":[{"name":"wp","href":"https:\/\/api.w.org\/{rel}","templated":true}]}}