{"id":13136,"date":"2017-01-19T20:59:48","date_gmt":"2017-01-19T23:59:48","guid":{"rendered":"https:\/\/eldiariodesanpedro.com.ar\/sitio\/?p=13136"},"modified":"2017-01-19T20:59:48","modified_gmt":"2017-01-19T23:59:48","slug":"transito-secuestraron-en-la-jornada-del-miercoles-31-motos-y-un-automovil","status":"publish","type":"post","link":"https:\/\/eldiariodesanpedro.com.ar\/sitio\/transito-secuestraron-en-la-jornada-del-miercoles-31-motos-y-un-automovil\/","title":{"rendered":"Tr\u00e1nsito: Secuestraron en la jornada del mi\u00e9rcoles 31 motos y un autom\u00f3vil"},"content":{"rendered":"<p><!-- VideographyWP Plugin Message: Automatic video embedding prevented by plugin options. --><br \/>\nPor la ma\u00f1ana se llevaron controles de tr\u00e1nsito en 25 de Mayo y Las Heras, luego por la tarde en Boulevard Moreno y 25 de Mayo se hizo lo propio. En total se secuestraron m\u00e1s de 30 motos y un autom\u00f3vil, por diferentes irregularidades sobre los requerimientos para poder circular.<\/p>\n<p>Adem\u00e1s en la medialuna de la plazoleta Fray Cayetano Rodr\u00edguez se intervino junto a polic\u00eda en la incautaci\u00f3n de una moto en la que se movilizaban dos personas que intentaban abrir los veh\u00edculos estacionados en la zona.<\/p>\n<p>Sobre el trabajo que se realiza a diario, el director de Tr\u00e1nsito y Nocturnidad, \u00c1ngel Burgos asegur\u00f3 que contin\u00faa \u201cla misma tendencia entre 15 y 30 motos diarias\u201d, que son \u201cretenidas hasta que regularizan la situaci\u00f3n\u201d.<\/p>\n","protected":false},"excerpt":{"rendered":"<p>Por la ma\u00f1ana se llevaron controles de tr\u00e1nsito en 25 de Mayo y Las Heras, luego por la tarde en Boulevard Moreno y 25 de Mayo se hizo lo propio. En total se secuestraron m\u00e1s de 30 motos y un autom\u00f3vil, por diferentes irregularidades sobre los requerimientos para poder circular. Adem\u00e1s en la medialuna de [&hellip;]<\/p>\n","protected":false},"author":4,"featured_media":13137,"comment_status":"open","ping_status":"closed","sticky":false,"template":"","format":"standard","meta":{"om_disable_all_campaigns":false,"_jetpack_memberships_contains_paid_content":false,"footnotes":""},"categories":[2,103],"tags":[],"class_list":["post-13136","post","type-post","status-publish","format-standard","has-post-thumbnail","hentry","category-locales","category-policiales-locales"],"aioseo_notices":[],"gutentor_comment":0,"jetpack_featured_media_url":"https:\/\/eldiariodesanpedro.com.ar\/sitio\/wp-content\/uploads\/2017\/01\/control-moto-secuetrada-.jpg","jetpack_shortlink":"https:\/\/wp.me\/p6RhLt-3pS","jetpack_sharing_enabled":true,"_links":{"self":[{"href":"https:\/\/eldiariodesanpedro.com.ar\/sitio\/wp-json\/wp\/v2\/posts\/13136","targetHints":{"allow":["GET"]}}],"collection":[{"href":"https:\/\/eldiariodesanpedro.com.ar\/sitio\/wp-json\/wp\/v2\/posts"}],"about":[{"href":"https:\/\/eldiariodesanpedro.com.ar\/sitio\/wp-json\/wp\/v2\/types\/post"}],"author":[{"embeddable":true,"href":"https:\/\/eldiariodesanpedro.com.ar\/sitio\/wp-json\/wp\/v2\/users\/4"}],"replies":[{"embeddable":true,"href":"https:\/\/eldiariodesanpedro.com.ar\/sitio\/wp-json\/wp\/v2\/comments?post=13136"}],"version-history":[{"count":1,"href":"https:\/\/eldiariodesanpedro.com.ar\/sitio\/wp-json\/wp\/v2\/posts\/13136\/revisions"}],"predecessor-version":[{"id":13138,"href":"https:\/\/eldiariodesanpedro.com.ar\/sitio\/wp-json\/wp\/v2\/posts\/13136\/revisions\/13138"}],"wp:featuredmedia":[{"embeddable":true,"href":"https:\/\/eldiariodesanpedro.com.ar\/sitio\/wp-json\/wp\/v2\/media\/13137"}],"wp:attachment":[{"href":"https:\/\/eldiariodesanpedro.com.ar\/sitio\/wp-json\/wp\/v2\/media?parent=13136"}],"wp:term":[{"taxonomy":"category","embeddable":true,"href":"https:\/\/eldiariodesanpedro.com.ar\/sitio\/wp-json\/wp\/v2\/categories?post=13136"},{"taxonomy":"post_tag","embeddable":true,"href":"https:\/\/eldiariodesanpedro.com.ar\/sitio\/wp-json\/wp\/v2\/tags?post=13136"}],"curies":[{"name":"wp","href":"https:\/\/api.w.org\/{rel}","templated":true}]}}