{"id":13134,"date":"2017-01-19T22:31:48","date_gmt":"2017-01-20T01:31:48","guid":{"rendered":"https:\/\/eldiariodesanpedro.com.ar\/sitio\/?p=13134"},"modified":"2017-01-20T00:04:51","modified_gmt":"2017-01-20T03:04:51","slug":"burgos-no-se-si-hubo-una-mala-intencion-del-periodista-o-de-la-gente-pero-no-se-le-secuestro-en-ningun-momento-su-carro","status":"publish","type":"post","link":"https:\/\/eldiariodesanpedro.com.ar\/sitio\/burgos-no-se-si-hubo-una-mala-intencion-del-periodista-o-de-la-gente-pero-no-se-le-secuestro-en-ningun-momento-su-carro\/","title":{"rendered":"Burgos: \u00abNo s\u00e9 si hubo una mala intenci\u00f3n del periodista o de la gente, pero no se le secuestr\u00f3 en ning\u00fan momento su carro\u00bb"},"content":{"rendered":"<p><!-- VideographyWP Plugin Message: Automatic video embedding prevented by plugin options. --><br \/>\nEn la ma\u00f1ana de ayer, mientras se realizaba uno de los tantos controles que son llevados a cabo por la Direcci\u00f3n de Tr\u00e1nsito y Nocturnidad a cargo del se\u00f1or \u00c1ngel Burgos, m\u00e1s precisamente en la esquina de Honorio Pueyrred\u00f3n y Mitre, frente a la Coopser, se secuestr\u00f3 una motocicleta 110 C. C., perteneciente a Ra\u00fal Alderete, conocido por la gente de nuestra ciudad como \u201cel Tucumano\u201d, quien junto a su esposa ser\u00edan dos jubilados. Este se\u00f1or, aparte de cobrar su jubilaci\u00f3n, se dedica a la jardiner\u00eda y utiliza un carro para trasladar sus herramientas de trabajo.<\/p>\n<p>Nuestro compa\u00f1eros de La Radio 92.3 publicaron en el d\u00eda de ayer en su p\u00e1gina de facebook fotos del control de tr\u00e1nsito realizado y, entre una de ellas, apareci\u00f3 una imagen en la que, sobre la camioneta de la Direcci\u00f3n de Tr\u00e1nsito, se estaban llevando su carro, adem\u00e1s de su moto. Eso despert\u00f3 la furia de la gente a trav\u00e9s de las redes sociales. Lo que mucha gente ignor\u00f3 es que al secuestrarle la moto estaban colaborando con este jubilado para transportar sus herramientas a su domicilio.<\/p>\n<p>En di\u00e1logo con El Diario de San Pedro, Ra\u00fal Alderete asegur\u00f3: \u00abVen\u00edamos de la casa donde trabaja mi se\u00f1ora en Col\u00f3n y Salta, cuando nos encontramos con los inspectores, ellos me pidieron el casco y todo eso, pero yo les dije que ya nos ven\u00edamos para mi casa. Igual me secuestraron la moto y me dejaron a pata, todo San Pedro me conoce que yo corto pasto y me parece que no es justo si yo vengo de trabajar. Lo \u00fanico que se portaron bien es que me trajeron con las cosas para mi casa, pero me quitaron la moto con la que yo voy a trabajar y ahora no lo voy a poder hacer. Tambi\u00e9n me gustar\u00eda que no paren a los muchachos que andan trabajando, los mensajeros que tambi\u00e9n trabajan y los paran, no deber\u00edan parar a ellos tampoco\u00bb. El jubilado adem\u00e1s agradeci\u00f3 a la gente que quiere colaborar con \u00e9l: \u00abTengo mucha gente que me quiere ayudar a pagar la deuda de la infracci\u00f3n para que pueda retirar la moto y la verdad se los agradezco de coraz\u00f3n\u00bb.<\/p>\n<p>Por su parte, el director \u00c1ngel Burgos se refiri\u00f3 al tema: \u00abEl hombre tiene reiteradas notificaciones sobre el conducir sin papeles, no tiene absolutamente nada en la moto, anda por el centro en la moto y los inspectores hicieron su trabajo de pararlo y solicitarle los papeles. Nosotros lo que hicimos fue llevarlo a \u00e9l su carrito hasta su domicilio, cada vez que es una persona de trabajo en el caso de que le tengamos que secuestrar su rodado lo llevamos hasta su domicilio, al igual que si es un menor tambi\u00e9n lo hacemos, pero acompa\u00f1ado de un polic\u00eda femenino y un inspector. No s\u00e9 si hubo una mala intenci\u00f3n del periodista o de la gente, pero no se le secuestr\u00f3 en ning\u00fan momento ning\u00fan carro. Se le ha brindado la posibilidad de renovar su carnet en varias oportunidades, pero este hombre nunca se present\u00f3, y ya se lo hab\u00eda parado varias veces y se lo hab\u00edamos perdonado, pero parece que no entiende y esta vez para que lo entienda decidimos secuestr\u00e1rsela\u00bb.<\/p>\n","protected":false},"excerpt":{"rendered":"<p>En la ma\u00f1ana de ayer, mientras se realizaba uno de los tantos controles que son llevados a cabo por la Direcci\u00f3n de Tr\u00e1nsito y Nocturnidad a cargo del se\u00f1or \u00c1ngel Burgos, m\u00e1s precisamente en la esquina de Honorio Pueyrred\u00f3n y Mitre, frente a la Coopser, se secuestr\u00f3 una motocicleta 110 C. C., perteneciente a Ra\u00fal [&hellip;]<\/p>\n","protected":false},"author":4,"featured_media":13149,"comment_status":"open","ping_status":"closed","sticky":false,"template":"","format":"standard","meta":{"om_disable_all_campaigns":false,"_jetpack_memberships_contains_paid_content":false,"footnotes":""},"categories":[50,101,2],"tags":[],"class_list":["post-13134","post","type-post","status-publish","format-standard","has-post-thumbnail","hentry","category-destacadas","category-interes-general-locales","category-locales"],"aioseo_notices":[],"gutentor_comment":0,"jetpack_featured_media_url":"https:\/\/eldiariodesanpedro.com.ar\/sitio\/wp-content\/uploads\/2017\/01\/TAPA-e1484881477379.jpg","jetpack_shortlink":"https:\/\/wp.me\/p6RhLt-3pQ","jetpack_sharing_enabled":true,"_links":{"self":[{"href":"https:\/\/eldiariodesanpedro.com.ar\/sitio\/wp-json\/wp\/v2\/posts\/13134","targetHints":{"allow":["GET"]}}],"collection":[{"href":"https:\/\/eldiariodesanpedro.com.ar\/sitio\/wp-json\/wp\/v2\/posts"}],"about":[{"href":"https:\/\/eldiariodesanpedro.com.ar\/sitio\/wp-json\/wp\/v2\/types\/post"}],"author":[{"embeddable":true,"href":"https:\/\/eldiariodesanpedro.com.ar\/sitio\/wp-json\/wp\/v2\/users\/4"}],"replies":[{"embeddable":true,"href":"https:\/\/eldiariodesanpedro.com.ar\/sitio\/wp-json\/wp\/v2\/comments?post=13134"}],"version-history":[{"count":2,"href":"https:\/\/eldiariodesanpedro.com.ar\/sitio\/wp-json\/wp\/v2\/posts\/13134\/revisions"}],"predecessor-version":[{"id":13151,"href":"https:\/\/eldiariodesanpedro.com.ar\/sitio\/wp-json\/wp\/v2\/posts\/13134\/revisions\/13151"}],"wp:featuredmedia":[{"embeddable":true,"href":"https:\/\/eldiariodesanpedro.com.ar\/sitio\/wp-json\/wp\/v2\/media\/13149"}],"wp:attachment":[{"href":"https:\/\/eldiariodesanpedro.com.ar\/sitio\/wp-json\/wp\/v2\/media?parent=13134"}],"wp:term":[{"taxonomy":"category","embeddable":true,"href":"https:\/\/eldiariodesanpedro.com.ar\/sitio\/wp-json\/wp\/v2\/categories?post=13134"},{"taxonomy":"post_tag","embeddable":true,"href":"https:\/\/eldiariodesanpedro.com.ar\/sitio\/wp-json\/wp\/v2\/tags?post=13134"}],"curies":[{"name":"wp","href":"https:\/\/api.w.org\/{rel}","templated":true}]}}