{"id":13132,"date":"2017-01-19T20:57:30","date_gmt":"2017-01-19T23:57:30","guid":{"rendered":"https:\/\/eldiariodesanpedro.com.ar\/sitio\/?p=13132"},"modified":"2017-01-19T20:57:30","modified_gmt":"2017-01-19T23:57:30","slug":"llegaron-5-nuevos-vehiculos-para-la-policia-local","status":"publish","type":"post","link":"https:\/\/eldiariodesanpedro.com.ar\/sitio\/llegaron-5-nuevos-vehiculos-para-la-policia-local\/","title":{"rendered":"Llegaron 5 nuevos veh\u00edculos para la Polic\u00eda Local"},"content":{"rendered":"<p><!-- VideographyWP Plugin Message: Automatic video embedding prevented by plugin options. --><br \/>\nLos rodados que se incorporar\u00e1n a la Secretar\u00eda de Seguridad llegaron en la tarde de hoy, adquiridos con el Fondo de Seguridad que la Provincia entreg\u00f3 a los Municipios.<\/p>\n<p>Se trata de tres camionetas Toyota Hilux y dos autom\u00f3viles Etios de la misma marca. En tanto que a\u00fan resta que llegue otro veh\u00edculo similar a los descriptos en principio, solo que doble cabina.<\/p>\n<p>\u201cFalta una sola que nos entreguen, son 11 en total\u201d, sostuvo el intendente Salazar.<\/p>\n<p>\u201cMa\u00f1ana ya las llevan con el ploteo y para que se le instale el balizamiento\u201d, asegur\u00f3.<\/p>\n<p>En el lugar tambi\u00e9n estaban presentes dos efectivos de la fuerza de seguridad, los cuales estuvieron dialogando con el mandatario comunal. \u201cEstaba charlando con los chicos de la polic\u00eda local porque seguramente algunos los van a tener ellos\u201d, manifest\u00f3.<\/p>\n<p><strong>Retornan a la ciudad los efectivos del Operativo Sol<\/strong><\/p>\n<p>Con la finalizaci\u00f3n del mes de enero, los uniformados que se recibieron en el mes de diciembre y que realizaron sus primeras experiencias en la costa de nuestra provincia, retornar\u00e1n a San Pedro. Se tratan de 35 j\u00f3venes que durante enero formaron parte del Operativo Sol en varios centros tur\u00edsticos.<\/p>\n<p>La noticia fue confirmada por el intendente Salazar. \u201cUna buena noticia, hoy me llamaron del Ministerio de Seguridad para decirme que en los pr\u00f3ximos d\u00edas est\u00e1n volviendo los chicos de la polic\u00eda que fueron destinado a Villa Gesell Bah\u00eda Blanca y dem\u00e1s\u201d, dijo Salazar.<\/p>\n<p>\u201cEntre 8 y 10 d\u00edas est\u00e1n volviendo\u201d, sostuvo el mandatario comunal y agreg\u00f3: \u201cDe la Provincia de Buenos Aires, va a ser el primera ciudad que van a regresar\u201d.<\/p>\n","protected":false},"excerpt":{"rendered":"<p>Los rodados que se incorporar\u00e1n a la Secretar\u00eda de Seguridad llegaron en la tarde de hoy, adquiridos con el Fondo de Seguridad que la Provincia entreg\u00f3 a los Municipios. Se trata de tres camionetas Toyota Hilux y dos autom\u00f3viles Etios de la misma marca. En tanto que a\u00fan resta que llegue otro veh\u00edculo similar a [&hellip;]<\/p>\n","protected":false},"author":4,"featured_media":13133,"comment_status":"open","ping_status":"closed","sticky":false,"template":"","format":"standard","meta":{"om_disable_all_campaigns":false,"_jetpack_memberships_contains_paid_content":false,"footnotes":""},"categories":[50,2,102],"tags":[],"class_list":["post-13132","post","type-post","status-publish","format-standard","has-post-thumbnail","hentry","category-destacadas","category-locales","category-politica-locales"],"aioseo_notices":[],"gutentor_comment":0,"jetpack_featured_media_url":"https:\/\/eldiariodesanpedro.com.ar\/sitio\/wp-content\/uploads\/2017\/01\/Cinco-nuevos-veh\u00edculos-se-incorporan-a-la-Secretar\u00eda-de-Seguridad.jpg","jetpack_shortlink":"https:\/\/wp.me\/p6RhLt-3pO","jetpack_sharing_enabled":true,"_links":{"self":[{"href":"https:\/\/eldiariodesanpedro.com.ar\/sitio\/wp-json\/wp\/v2\/posts\/13132","targetHints":{"allow":["GET"]}}],"collection":[{"href":"https:\/\/eldiariodesanpedro.com.ar\/sitio\/wp-json\/wp\/v2\/posts"}],"about":[{"href":"https:\/\/eldiariodesanpedro.com.ar\/sitio\/wp-json\/wp\/v2\/types\/post"}],"author":[{"embeddable":true,"href":"https:\/\/eldiariodesanpedro.com.ar\/sitio\/wp-json\/wp\/v2\/users\/4"}],"replies":[{"embeddable":true,"href":"https:\/\/eldiariodesanpedro.com.ar\/sitio\/wp-json\/wp\/v2\/comments?post=13132"}],"version-history":[{"count":1,"href":"https:\/\/eldiariodesanpedro.com.ar\/sitio\/wp-json\/wp\/v2\/posts\/13132\/revisions"}],"predecessor-version":[{"id":13135,"href":"https:\/\/eldiariodesanpedro.com.ar\/sitio\/wp-json\/wp\/v2\/posts\/13132\/revisions\/13135"}],"wp:featuredmedia":[{"embeddable":true,"href":"https:\/\/eldiariodesanpedro.com.ar\/sitio\/wp-json\/wp\/v2\/media\/13133"}],"wp:attachment":[{"href":"https:\/\/eldiariodesanpedro.com.ar\/sitio\/wp-json\/wp\/v2\/media?parent=13132"}],"wp:term":[{"taxonomy":"category","embeddable":true,"href":"https:\/\/eldiariodesanpedro.com.ar\/sitio\/wp-json\/wp\/v2\/categories?post=13132"},{"taxonomy":"post_tag","embeddable":true,"href":"https:\/\/eldiariodesanpedro.com.ar\/sitio\/wp-json\/wp\/v2\/tags?post=13132"}],"curies":[{"name":"wp","href":"https:\/\/api.w.org\/{rel}","templated":true}]}}