{"id":13128,"date":"2017-01-19T20:53:01","date_gmt":"2017-01-19T23:53:01","guid":{"rendered":"https:\/\/eldiariodesanpedro.com.ar\/sitio\/?p=13128"},"modified":"2017-01-19T20:53:01","modified_gmt":"2017-01-19T23:53:01","slug":"colecta-para-los-habitantes-de-la-emilia","status":"publish","type":"post","link":"https:\/\/eldiariodesanpedro.com.ar\/sitio\/colecta-para-los-habitantes-de-la-emilia\/","title":{"rendered":"Colecta para los habitantes de La Emilia"},"content":{"rendered":"<p><!-- VideographyWP Plugin Message: Automatic video embedding prevented by plugin options. --><br \/>\nMediante un comunicado, Bomberos Voluntario dio a conocer que junto a La Red PAE (Primeros Auxilios Emocionales) estar\u00e1 recibiendo todo tipo de elementos para colaborar con la dif\u00edcil situaci\u00f3n que atraviesan los vecinos de la localidad, tras la inundaci\u00f3n sufrida en la ciudad como consecuencia de las graves inclemencias clim\u00e1ticas del domingo pasado. <\/p>\n<p>\u00abSe solicita ropa, calzados, colchones, ropa de cama, agua, art\u00edculos de limpieza y alimentos no perecederos. Ser\u00eda importante que previo a la entrega se pueda clasificar las vestimentas por grupos, seg\u00fan edad y sexo\u00bb y \u00ablas donaciones ser\u00e1n recibidas en la expanader\u00eda La Buena Moza, situada en calle Caseros N\u00ba 40, a partir del lunes 23\/01\/2017 hasta el 27\/01\/2017, de 9.00 a 11 hs. por la ma\u00f1ana y por la tarde de 18.00 a 21.00 hs.\u00bb, expresa la informaci\u00f3n.<\/p>\n<p>En tanto que en horario a confirmar, el pr\u00f3ximo 28 del corriente se llevar\u00eda todo lo donado a la localidad que sufri\u00f3 la inundaci\u00f3n. <\/p>\n<p>\u00abApelamos a la solidaridad de los vecinos de San Pedro para acompa\u00f1ar a nuestros compatriotas en este dif\u00edcil momento\u00bb, finalizan desde la entidad local.<\/p>\n","protected":false},"excerpt":{"rendered":"<p>Mediante un comunicado, Bomberos Voluntario dio a conocer que junto a La Red PAE (Primeros Auxilios Emocionales) estar\u00e1 recibiendo todo tipo de elementos para colaborar con la dif\u00edcil situaci\u00f3n que atraviesan los vecinos de la localidad, tras la inundaci\u00f3n sufrida en la ciudad como consecuencia de las graves inclemencias clim\u00e1ticas del domingo pasado. \u00abSe solicita [&hellip;]<\/p>\n","protected":false},"author":4,"featured_media":7050,"comment_status":"open","ping_status":"closed","sticky":false,"template":"","format":"standard","meta":{"om_disable_all_campaigns":false,"_jetpack_memberships_contains_paid_content":false,"footnotes":""},"categories":[101,2],"tags":[],"class_list":["post-13128","post","type-post","status-publish","format-standard","has-post-thumbnail","hentry","category-interes-general-locales","category-locales"],"aioseo_notices":[],"gutentor_comment":0,"jetpack_featured_media_url":"https:\/\/eldiariodesanpedro.com.ar\/sitio\/wp-content\/uploads\/2016\/08\/Bomberos-voluntarios-san-pedro.jpg","jetpack_shortlink":"https:\/\/wp.me\/p6RhLt-3pK","jetpack_sharing_enabled":true,"_links":{"self":[{"href":"https:\/\/eldiariodesanpedro.com.ar\/sitio\/wp-json\/wp\/v2\/posts\/13128","targetHints":{"allow":["GET"]}}],"collection":[{"href":"https:\/\/eldiariodesanpedro.com.ar\/sitio\/wp-json\/wp\/v2\/posts"}],"about":[{"href":"https:\/\/eldiariodesanpedro.com.ar\/sitio\/wp-json\/wp\/v2\/types\/post"}],"author":[{"embeddable":true,"href":"https:\/\/eldiariodesanpedro.com.ar\/sitio\/wp-json\/wp\/v2\/users\/4"}],"replies":[{"embeddable":true,"href":"https:\/\/eldiariodesanpedro.com.ar\/sitio\/wp-json\/wp\/v2\/comments?post=13128"}],"version-history":[{"count":1,"href":"https:\/\/eldiariodesanpedro.com.ar\/sitio\/wp-json\/wp\/v2\/posts\/13128\/revisions"}],"predecessor-version":[{"id":13129,"href":"https:\/\/eldiariodesanpedro.com.ar\/sitio\/wp-json\/wp\/v2\/posts\/13128\/revisions\/13129"}],"wp:featuredmedia":[{"embeddable":true,"href":"https:\/\/eldiariodesanpedro.com.ar\/sitio\/wp-json\/wp\/v2\/media\/7050"}],"wp:attachment":[{"href":"https:\/\/eldiariodesanpedro.com.ar\/sitio\/wp-json\/wp\/v2\/media?parent=13128"}],"wp:term":[{"taxonomy":"category","embeddable":true,"href":"https:\/\/eldiariodesanpedro.com.ar\/sitio\/wp-json\/wp\/v2\/categories?post=13128"},{"taxonomy":"post_tag","embeddable":true,"href":"https:\/\/eldiariodesanpedro.com.ar\/sitio\/wp-json\/wp\/v2\/tags?post=13128"}],"curies":[{"name":"wp","href":"https:\/\/api.w.org\/{rel}","templated":true}]}}