{"id":13125,"date":"2017-01-19T20:51:50","date_gmt":"2017-01-19T23:51:50","guid":{"rendered":"https:\/\/eldiariodesanpedro.com.ar\/sitio\/?p=13125"},"modified":"2017-01-19T20:51:50","modified_gmt":"2017-01-19T23:51:50","slug":"despues-del-receso-colocan-la-ultima-capa-de-asfalto-a-la-ruta-1001","status":"publish","type":"post","link":"https:\/\/eldiariodesanpedro.com.ar\/sitio\/despues-del-receso-colocan-la-ultima-capa-de-asfalto-a-la-ruta-1001\/","title":{"rendered":"Despu\u00e9s del receso colocan la \u00faltima capa de asfalto a la ruta 1001"},"content":{"rendered":"<p><!-- VideographyWP Plugin Message: Automatic video embedding prevented by plugin options. --><br \/>\nLuego de una pausa de varios d\u00edas, la empresa Iarsa comenz\u00f3 el mi\u00e9rcoles con la colocaci\u00f3n de la \u00faltima capa de asfalto. Se trata de 4 cm que conformar\u00e1n un total de 7 cm y luego de cumplimentada esta etapa se har\u00e1 la se\u00f1alizaci\u00f3n, antes del final de obra. <\/p>\n<p>En tanto que seg\u00fan se pudo establecer, inicialmente estaba contemplado en el proyecto que se repare tambi\u00e9n el camino Crucero General Belgrano, en donde ya se ha hecho el fresado, y adem\u00e1s el arreglo de la Av. Juan B. Justo. La novedad es que las obras en ese tramo, previstas inicialmente hasta Salta, ahora se har\u00e1n hasta Mitre.<\/p>\n<p>Asimismo que la entrada por Ruta 1001 depende de una ampliaci\u00f3n de presupuesto que debe ser aprobada por Vialidad Nacional. Seg\u00fan le confirm\u00f3 Javier Iguacel, director a cargo de la cartera, al intendente Salazar, esto se concretar\u00e1 pr\u00f3ximamente. De este modo se concluir\u00e1 la reconstrucci\u00f3n de las placas de hormig\u00f3n que est\u00e1n da\u00f1adas, si bien se termin\u00f3 la zona cercana a la Escuela N\u00b0 18, que era la que en peor estado estaba.<\/p>\n","protected":false},"excerpt":{"rendered":"<p>Luego de una pausa de varios d\u00edas, la empresa Iarsa comenz\u00f3 el mi\u00e9rcoles con la colocaci\u00f3n de la \u00faltima capa de asfalto. Se trata de 4 cm que conformar\u00e1n un total de 7 cm y luego de cumplimentada esta etapa se har\u00e1 la se\u00f1alizaci\u00f3n, antes del final de obra. En tanto que seg\u00fan se pudo [&hellip;]<\/p>\n","protected":false},"author":4,"featured_media":13126,"comment_status":"open","ping_status":"closed","sticky":false,"template":"","format":"standard","meta":{"om_disable_all_campaigns":false,"_jetpack_memberships_contains_paid_content":false,"footnotes":""},"categories":[101,2],"tags":[],"class_list":["post-13125","post","type-post","status-publish","format-standard","has-post-thumbnail","hentry","category-interes-general-locales","category-locales"],"aioseo_notices":[],"gutentor_comment":0,"jetpack_featured_media_url":"https:\/\/eldiariodesanpedro.com.ar\/sitio\/wp-content\/uploads\/2017\/01\/Los-trabajos-en-ruta-1001.jpg","jetpack_shortlink":"https:\/\/wp.me\/p6RhLt-3pH","jetpack_sharing_enabled":true,"_links":{"self":[{"href":"https:\/\/eldiariodesanpedro.com.ar\/sitio\/wp-json\/wp\/v2\/posts\/13125","targetHints":{"allow":["GET"]}}],"collection":[{"href":"https:\/\/eldiariodesanpedro.com.ar\/sitio\/wp-json\/wp\/v2\/posts"}],"about":[{"href":"https:\/\/eldiariodesanpedro.com.ar\/sitio\/wp-json\/wp\/v2\/types\/post"}],"author":[{"embeddable":true,"href":"https:\/\/eldiariodesanpedro.com.ar\/sitio\/wp-json\/wp\/v2\/users\/4"}],"replies":[{"embeddable":true,"href":"https:\/\/eldiariodesanpedro.com.ar\/sitio\/wp-json\/wp\/v2\/comments?post=13125"}],"version-history":[{"count":1,"href":"https:\/\/eldiariodesanpedro.com.ar\/sitio\/wp-json\/wp\/v2\/posts\/13125\/revisions"}],"predecessor-version":[{"id":13127,"href":"https:\/\/eldiariodesanpedro.com.ar\/sitio\/wp-json\/wp\/v2\/posts\/13125\/revisions\/13127"}],"wp:featuredmedia":[{"embeddable":true,"href":"https:\/\/eldiariodesanpedro.com.ar\/sitio\/wp-json\/wp\/v2\/media\/13126"}],"wp:attachment":[{"href":"https:\/\/eldiariodesanpedro.com.ar\/sitio\/wp-json\/wp\/v2\/media?parent=13125"}],"wp:term":[{"taxonomy":"category","embeddable":true,"href":"https:\/\/eldiariodesanpedro.com.ar\/sitio\/wp-json\/wp\/v2\/categories?post=13125"},{"taxonomy":"post_tag","embeddable":true,"href":"https:\/\/eldiariodesanpedro.com.ar\/sitio\/wp-json\/wp\/v2\/tags?post=13125"}],"curies":[{"name":"wp","href":"https:\/\/api.w.org\/{rel}","templated":true}]}}